{"id":9863,"date":"2025-05-22T14:51:44","date_gmt":"2025-05-22T11:51:44","guid":{"rendered":"https:\/\/siljart.fi\/?p=9863"},"modified":"2026-04-19T13:06:01","modified_gmt":"2026-04-19T10:06:01","slug":"taidettani-oulun-asuntomessuilla-2025","status":"publish","type":"post","link":"https:\/\/siljart.fi\/en\/taidettani-oulun-asuntomessuilla-2025\/","title":{"rendered":"My art at the Oulu Housing Fair 2025"},"content":{"rendered":"<p>&nbsp;<\/p>\n\n\n\n<p>Something exciting happened last weekend. We took two of my artworks to Oulu, to the Housing Fair. <a href=\"https:\/\/www.instagram.com\/huvilainen\" target=\"_blank\" rel=\"noreferrer noopener\"><mark style=\"background-color:rgba(0, 0, 0, 0)\" class=\"has-inline-color has-vivid-cyan-blue-color\">Huvilainen <\/mark><\/a>It was so exciting to pack these large artworks into the car and take them to a home where they will become part of a larger whole!<\/p>\n\n\n\n<p>Huvilainen is a beautifully designed home of a young couple, where closeness to nature, warmth, and clarity come together in a lovely way. It feels wonderful that my art can be part of such a project.<\/p>\n\n\n\n<p>My works are not traditional paintings; I had the opportunity to create pieces with rich textures, large forms, and dimensionality!<\/p>\n\n\n\n<p>I haven\u2019t seen the artworks in place yet, and honestly, I\u2019m really excited (and a bit nervous) to see how they will look as part of the interior \ud83d\ude4f<\/p>\n\n\n\n<p>I hope they fit well into the overall space and add that little extra touch that\u2019s hard to put into words.<\/p>\n\n\n\n<p>I\u2019m eagerly looking forward to summer and the moment I can step inside and see the artworks in their places. Maybe I\u2019ll pause, take a breath, and allow myself to feel all the excitement, gratitude, and pride \ud83d\ude4f\ud83d\udc9b<\/p>\n\n\n\n<p>If you\u2019re heading to the Oulu Housing Fair this summer, be sure to check out the stunning <mark style=\"background-color:rgba(0, 0, 0, 0)\" class=\"has-inline-color has-vivid-cyan-blue-color\"><a href=\"https:\/\/www.instagram.com\/huvilainen\" target=\"_blank\" rel=\"noreferrer noopener\">Huvilainen<\/a> <\/mark>and my art on its walls \ud83d\udc9b<\/p>\n\n\n\n<p><\/p>\n\n\n\n<p class=\"has-text-align-center\" style=\"font-size:24px\"><strong>Oulu Housing Fair 2025<\/strong><\/p>\n\n\n\n<p class=\"has-text-align-center\" style=\"font-size:24px\"><strong> 18.7.-17.8.2025!<\/strong><\/p>\n\n\n\n<p><\/p>\n\n\n\n<p>Taideterveisin, Silja <\/p>\n\n\n<div class=\"wp-block-post-author\"><div class=\"wp-block-post-author__avatar\"><img alt='' src='https:\/\/secure.gravatar.com\/avatar\/c224ea623ee274da7efb7bf920e4868f05c305a5958665c73fa0fb3e6c98fd2a?s=24&#038;d=mm&#038;r=g' srcset='https:\/\/secure.gravatar.com\/avatar\/c224ea623ee274da7efb7bf920e4868f05c305a5958665c73fa0fb3e6c98fd2a?s=48&#038;d=mm&#038;r=g 2x' class='avatar avatar-24 photo' height='24' width='24' \/><\/div><div class=\"wp-block-post-author__content\"><p class=\"wp-block-post-author__name\">SiljArt<\/p><\/div><\/div>\n\n\n<p><\/p>\n\n\n\n<figure class=\"wp-block-image size-large\"><a href=\"https:\/\/siljart.fi\/wp-content\/uploads\/2025\/05\/Oulun-asuntomessut.jpg\"><img loading=\"lazy\" decoding=\"async\" width=\"1024\" height=\"967\" src=\"https:\/\/siljart.fi\/wp-content\/uploads\/2025\/05\/Oulun-asuntomessut-1024x967.jpg\" alt=\"\" class=\"wp-image-9865\" srcset=\"https:\/\/siljart.fi\/wp-content\/uploads\/2025\/05\/Oulun-asuntomessut-980x925.jpg 980w, https:\/\/siljart.fi\/wp-content\/uploads\/2025\/05\/Oulun-asuntomessut-480x453.jpg 480w\" sizes=\"(min-width: 0px) and (max-width: 480px) 480px, (min-width: 481px) and (max-width: 980px) 980px, (min-width: 981px) 1024px, 100vw\" \/><\/a><\/figure>\n\n\n\n<p><\/p>\n\n\n\n<figure class=\"wp-block-image aligncenter size-full is-resized\"><a href=\"https:\/\/www.asuntomessut.fi\/\"><img loading=\"lazy\" decoding=\"async\" width=\"562\" height=\"179\" src=\"https:\/\/siljart.fi\/wp-content\/uploads\/2025\/05\/SAM-Oulu2025-vaaka-logo-pvm-RGB_musta.png\" alt=\"\" class=\"wp-image-9867\" style=\"width:550px;height:auto\" srcset=\"https:\/\/siljart.fi\/wp-content\/uploads\/2025\/05\/SAM-Oulu2025-vaaka-logo-pvm-RGB_musta.png 562w, https:\/\/siljart.fi\/wp-content\/uploads\/2025\/05\/SAM-Oulu2025-vaaka-logo-pvm-RGB_musta-480x153.png 480w\" sizes=\"(min-width: 0px) and (max-width: 480px) 480px, (min-width: 481px) 562px, 100vw\" \/><\/a><figcaption class=\"wp-element-caption\">Kuva: Asuntomessut<\/figcaption><\/figure>\n\n\n\n<p><\/p>\n\n\n\n\n\n\n\n<p><\/p>\n<span class=\"et_bloom_bottom_trigger\"><\/span>","protected":false},"excerpt":{"rendered":"<p>&nbsp; Viime viikonloppuna tapahtui jotain j\u00e4nnitt\u00e4v\u00e4\u00e4. Veimme kaksi teostani Ouluun, Asuntomessujen Huvilainen -kohteeseen. Oli niin j\u00e4nnitt\u00e4v\u00e4\u00e4 pakata n\u00e4m\u00e4 suuret teokset mukaan autoon ja l\u00e4hte\u00e4 viem\u00e4\u00e4n niit\u00e4 kotiin, jossa ne saavat olla osa jotakin suurempaa kokonaisuutta! Huvilainen on nuoren parin kauniisti suunniteltu koti, jossa luonnonl\u00e4heisyys, l\u00e4mp\u00f6 ja selkeys yhdistyv\u00e4t kauniilla tavalla. Tuntuu tosi hienolta, ett\u00e4 oma [&hellip;]<\/p>\n","protected":false},"author":1,"featured_media":9864,"comment_status":"open","ping_status":"open","sticky":false,"template":"","format":"standard","meta":{"_et_pb_use_builder":"off","_et_pb_old_content":"<!-- wp:paragraph -->\n<p>&nbsp;<\/p>\n<!-- \/wp:paragraph -->\n\n<!-- wp:paragraph -->\n<p>Viime viikonloppuna tapahtui jotain j\u00e4nnitt\u00e4v\u00e4\u00e4. Veimme kaksi teostani Ouluun, Asuntomessujen <a href=\"https:\/\/www.instagram.com\/huvilainen\/?hl=fi\" target=\"_blank\" rel=\"noreferrer noopener\"><mark style=\"background-color:rgba(0, 0, 0, 0)\" class=\"has-inline-color has-vivid-cyan-blue-color\">Huvilainen <\/mark><\/a>-kohteeseen. Oli niin j\u00e4nnitt\u00e4v\u00e4\u00e4 pakata n\u00e4m\u00e4 suuret teokset mukaan autoon ja l\u00e4hte\u00e4 viem\u00e4\u00e4n niit\u00e4 kotiin, jossa ne saavat olla osa jotakin suurempaa kokonaisuutta!<\/p>\n<!-- \/wp:paragraph -->\n\n<!-- wp:paragraph -->\n<p>Huvilainen on nuoren parin kauniisti suunniteltu koti, jossa luonnonl\u00e4heisyys, l\u00e4mp\u00f6 ja selkeys yhdistyv\u00e4t kauniilla tavalla. Tuntuu tosi hienolta, ett\u00e4 oma taide saa olla mukana t\u00e4llaisessa projektissa.<\/p>\n<!-- \/wp:paragraph -->\n\n<!-- wp:paragraph -->\n<p>Teokseni eiv\u00e4t ole perinteisi\u00e4 maalauksia, vaan sain toteuttaa teokset, joissa on runsasta tekstuuria, suuria muotoja ja ulottuvuuksia!<\/p>\n<!-- \/wp:paragraph -->\n\n<!-- wp:paragraph -->\n<p>Viel\u00e4 en ole n\u00e4hnyt taideteoksia paikoillaan ja rehellisesti sanottuna j\u00e4nnitt\u00e4\u00e4 todella paljon, milt\u00e4 ne n\u00e4ytt\u00e4v\u00e4t osana sisustusta\ud83d\ude4f<\/p>\n<!-- \/wp:paragraph -->\n\n<!-- wp:paragraph -->\n<p>Toivon, ett\u00e4 ne sopivat hyvin kokonaisuuteen ja tuovat sinne sen pienen lis\u00e4n, jota ei voi ihan sanoiksi pukea.<\/p>\n<!-- \/wp:paragraph -->\n\n<!-- wp:paragraph -->\n<p>Odotan innolla kes\u00e4\u00e4 ja sit\u00e4 hetke\u00e4, kun saan astua sis\u00e4\u00e4n ja n\u00e4hd\u00e4 teokset omilla paikoillaan. Ehk\u00e4 pys\u00e4hdyn, hengit\u00e4n hetken ja annan itseni tuntea sen kaiken j\u00e4nnityksen, kiitollisuuden ja ylpeyden\ud83d\ude4f\ud83d\udc9b<\/p>\n<!-- \/wp:paragraph -->\n\n<!-- wp:paragraph -->\n<p>Jos suuntaat t\u00e4n\u00e4 kes\u00e4n\u00e4 Oulun Asuntomessuille, k\u00e4y ihmeess\u00e4 kurkkaamassa upea <mark style=\"background-color:rgba(0, 0, 0, 0)\" class=\"has-inline-color has-vivid-cyan-blue-color\"><a href=\"https:\/\/www.instagram.com\/huvilainen\/?hl=fi\" target=\"_blank\" rel=\"noreferrer noopener\">Huvilaisen<\/a> <\/mark>koti ja taiteeni sen seinill\u00e4\ud83d\udc9b<\/p>\n<!-- \/wp:paragraph -->\n\n<!-- wp:paragraph -->\n<p><\/p>\n<!-- \/wp:paragraph -->\n\n<!-- wp:paragraph {\"align\":\"center\",\"style\":{\"typography\":{\"fontSize\":\"24px\"}}} -->\n<p class=\"has-text-align-center\" style=\"font-size:24px\"><strong>Asuntomessut 2025 Oulussa 18.7.-17.8.2025!<\/strong><\/p>\n<!-- \/wp:paragraph -->\n\n<!-- wp:paragraph -->\n<p><\/p>\n<!-- \/wp:paragraph -->\n\n<!-- wp:paragraph -->\n<p>Taideterveisin, Silja <\/p>\n<!-- \/wp:paragraph -->\n\n<!-- wp:post-author {\"avatarSize\":24} \/-->\n\n<!-- wp:paragraph -->\n<p><\/p>\n<!-- \/wp:paragraph -->\n\n<!-- wp:image {\"id\":9865,\"sizeSlug\":\"large\",\"linkDestination\":\"media\"} -->\n<figure class=\"wp-block-image size-large\"><a href=\"https:\/\/siljart.fi\/wp-content\/uploads\/2025\/05\/Oulun-asuntomessut.jpg\"><img src=\"https:\/\/siljart.fi\/wp-content\/uploads\/2025\/05\/Oulun-asuntomessut-1024x967.jpg\" alt=\"\" class=\"wp-image-9865\"\/><\/a><\/figure>\n<!-- \/wp:image -->\n\n<!-- wp:paragraph -->\n<p><\/p>\n<!-- \/wp:paragraph -->\n\n<!-- wp:image {\"lightbox\":{\"enabled\":false},\"id\":9867,\"width\":\"550px\",\"height\":\"auto\",\"sizeSlug\":\"full\",\"linkDestination\":\"custom\",\"align\":\"center\"} -->\n<figure class=\"wp-block-image aligncenter size-full is-resized\"><a href=\"https:\/\/www.asuntomessut.fi\/\"><img src=\"https:\/\/siljart.fi\/wp-content\/uploads\/2025\/05\/SAM-Oulu2025-vaaka-logo-pvm-RGB_musta.png\" alt=\"\" class=\"wp-image-9867\" style=\"width:550px;height:auto\"\/><\/a><figcaption class=\"wp-element-caption\">Kuva: Asuntomessut<\/figcaption><\/figure>\n<!-- \/wp:image -->\n\n<!-- wp:paragraph -->\n<p><\/p>\n<!-- \/wp:paragraph -->\n\n<!-- wp:post-navigation-link {\"type\":\"previous\",\"arrow\":\"arrow\",\"style\":{\"elements\":{\"link\":{\"color\":{\"text\":\"var:preset|color|black\"}}}},\"textColor\":\"black\"} \/-->\n\n<!-- wp:post-navigation-link {\"arrow\":\"arrow\",\"style\":{\"elements\":{\"link\":{\"color\":{\"text\":\"var:preset|color|black\"}}}},\"textColor\":\"black\"} \/-->\n\n<!-- wp:paragraph -->\n<p><\/p>\n<!-- \/wp:paragraph -->","_et_gb_content_width":"","_jetpack_memberships_contains_paid_content":false,"footnotes":""},"categories":[139,117,140,119],"tags":[141],"class_list":["post-9863","post","type-post","status-publish","format-standard","has-post-thumbnail","hentry","category-asuntomessut","category-messut","category-rakentaminen","category-sisustus","tag-asuntomessut-2025"],"yoast_head":"<!-- This site is optimized with the Yoast SEO plugin v27.5 - https:\/\/yoast.com\/product\/yoast-seo-wordpress\/ -->\n<title>Taidettani Oulun Asuntomessuilla\u00a02025 &#8211; Siljart<\/title>\n<meta name=\"description\" content=\"Jos suuntaat t\u00e4n\u00e4 kes\u00e4n\u00e4 Oulun Asuntomessuille 2025, k\u00e4y ihmeess\u00e4 kurkkaamassa upea Huvilaisen koti ja taiteeni sen seinill\u00e4\ud83d\udc9b\" \/>\n<meta name=\"robots\" content=\"index, follow, max-snippet:-1, max-image-preview:large, max-video-preview:-1\" \/>\n<link rel=\"canonical\" href=\"https:\/\/siljart.fi\/en\/taidettani-oulun-asuntomessuilla-2025\/\" \/>\n<meta property=\"og:locale\" content=\"en_GB\" \/>\n<meta property=\"og:type\" content=\"article\" \/>\n<meta property=\"og:title\" content=\"Taidettani Oulun Asuntomessuilla\u00a02025 &#8211; Siljart\" \/>\n<meta property=\"og:description\" content=\"Jos suuntaat t\u00e4n\u00e4 kes\u00e4n\u00e4 Oulun Asuntomessuille 2025, k\u00e4y ihmeess\u00e4 kurkkaamassa upea Huvilaisen koti ja taiteeni sen seinill\u00e4\ud83d\udc9b\" \/>\n<meta property=\"og:url\" content=\"https:\/\/siljart.fi\/en\/taidettani-oulun-asuntomessuilla-2025\/\" \/>\n<meta property=\"og:site_name\" content=\"Siljart\" \/>\n<meta property=\"article:publisher\" content=\"https:\/\/www.facebook.com\/Siljalitalo\/\" \/>\n<meta property=\"article:published_time\" content=\"2025-05-22T11:51:44+00:00\" \/>\n<meta property=\"article:modified_time\" content=\"2026-04-19T10:06:01+00:00\" \/>\n<meta property=\"og:image\" content=\"https:\/\/siljart.fi\/wp-content\/uploads\/2025\/05\/Oulun-asuntomessut-2025.jpg\" \/>\n\t<meta property=\"og:image:width\" content=\"1569\" \/>\n\t<meta property=\"og:image:height\" content=\"1920\" \/>\n\t<meta property=\"og:image:type\" content=\"image\/jpeg\" \/>\n<meta name=\"author\" content=\"SiljArt\" \/>\n<meta name=\"twitter:card\" content=\"summary_large_image\" \/>\n<meta name=\"twitter:label1\" content=\"Written by\" \/>\n\t<meta name=\"twitter:data1\" content=\"SiljArt\" \/>\n\t<meta name=\"twitter:label2\" content=\"Estimated reading time\" \/>\n\t<meta name=\"twitter:data2\" content=\"2 minutes\" \/>\n<script type=\"application\/ld+json\" class=\"yoast-schema-graph\">{\"@context\":\"https:\\\/\\\/schema.org\",\"@graph\":[{\"@type\":\"Article\",\"@id\":\"https:\\\/\\\/siljart.fi\\\/taidettani-oulun-asuntomessuilla-2025\\\/#article\",\"isPartOf\":{\"@id\":\"https:\\\/\\\/siljart.fi\\\/taidettani-oulun-asuntomessuilla-2025\\\/\"},\"author\":{\"name\":\"SiljArt\",\"@id\":\"https:\\\/\\\/siljart.fi\\\/#\\\/schema\\\/person\\\/c1db1a9aaab2394b993043c645e5c990\"},\"headline\":\"Taidettani Oulun Asuntomessuilla\u00a02025\",\"datePublished\":\"2025-05-22T11:51:44+00:00\",\"dateModified\":\"2026-04-19T10:06:01+00:00\",\"mainEntityOfPage\":{\"@id\":\"https:\\\/\\\/siljart.fi\\\/taidettani-oulun-asuntomessuilla-2025\\\/\"},\"wordCount\":194,\"commentCount\":0,\"publisher\":{\"@id\":\"https:\\\/\\\/siljart.fi\\\/#organization\"},\"image\":{\"@id\":\"https:\\\/\\\/siljart.fi\\\/taidettani-oulun-asuntomessuilla-2025\\\/#primaryimage\"},\"thumbnailUrl\":\"https:\\\/\\\/siljart.fi\\\/wp-content\\\/uploads\\\/2025\\\/05\\\/Oulun-asuntomessut-2025.jpg\",\"keywords\":[\"asuntomessut 2025\"],\"articleSection\":[\"Asuntomessut\",\"Messut\",\"Rakentaminen\",\"Sisustus\"],\"inLanguage\":\"en-GB\",\"potentialAction\":[{\"@type\":\"CommentAction\",\"name\":\"Comment\",\"target\":[\"https:\\\/\\\/siljart.fi\\\/taidettani-oulun-asuntomessuilla-2025\\\/#respond\"]}]},{\"@type\":\"WebPage\",\"@id\":\"https:\\\/\\\/siljart.fi\\\/taidettani-oulun-asuntomessuilla-2025\\\/\",\"url\":\"https:\\\/\\\/siljart.fi\\\/taidettani-oulun-asuntomessuilla-2025\\\/\",\"name\":\"Taidettani Oulun Asuntomessuilla\u00a02025 &#8211; Siljart\",\"isPartOf\":{\"@id\":\"https:\\\/\\\/siljart.fi\\\/#website\"},\"primaryImageOfPage\":{\"@id\":\"https:\\\/\\\/siljart.fi\\\/taidettani-oulun-asuntomessuilla-2025\\\/#primaryimage\"},\"image\":{\"@id\":\"https:\\\/\\\/siljart.fi\\\/taidettani-oulun-asuntomessuilla-2025\\\/#primaryimage\"},\"thumbnailUrl\":\"https:\\\/\\\/siljart.fi\\\/wp-content\\\/uploads\\\/2025\\\/05\\\/Oulun-asuntomessut-2025.jpg\",\"datePublished\":\"2025-05-22T11:51:44+00:00\",\"dateModified\":\"2026-04-19T10:06:01+00:00\",\"description\":\"Jos suuntaat t\u00e4n\u00e4 kes\u00e4n\u00e4 Oulun Asuntomessuille 2025, k\u00e4y ihmeess\u00e4 kurkkaamassa upea Huvilaisen koti ja taiteeni sen seinill\u00e4\ud83d\udc9b\",\"breadcrumb\":{\"@id\":\"https:\\\/\\\/siljart.fi\\\/taidettani-oulun-asuntomessuilla-2025\\\/#breadcrumb\"},\"inLanguage\":\"en-GB\",\"potentialAction\":[{\"@type\":\"ReadAction\",\"target\":[\"https:\\\/\\\/siljart.fi\\\/taidettani-oulun-asuntomessuilla-2025\\\/\"]}]},{\"@type\":\"ImageObject\",\"inLanguage\":\"en-GB\",\"@id\":\"https:\\\/\\\/siljart.fi\\\/taidettani-oulun-asuntomessuilla-2025\\\/#primaryimage\",\"url\":\"https:\\\/\\\/siljart.fi\\\/wp-content\\\/uploads\\\/2025\\\/05\\\/Oulun-asuntomessut-2025.jpg\",\"contentUrl\":\"https:\\\/\\\/siljart.fi\\\/wp-content\\\/uploads\\\/2025\\\/05\\\/Oulun-asuntomessut-2025.jpg\",\"width\":1569,\"height\":1920,\"caption\":\"Oulun asuntomessut 2025\"},{\"@type\":\"BreadcrumbList\",\"@id\":\"https:\\\/\\\/siljart.fi\\\/taidettani-oulun-asuntomessuilla-2025\\\/#breadcrumb\",\"itemListElement\":[{\"@type\":\"ListItem\",\"position\":1,\"name\":\"Etusivu\",\"item\":\"https:\\\/\\\/siljart.fi\\\/\"},{\"@type\":\"ListItem\",\"position\":2,\"name\":\"Taidettani Oulun Asuntomessuilla\u00a02025\"}]},{\"@type\":\"WebSite\",\"@id\":\"https:\\\/\\\/siljart.fi\\\/#website\",\"url\":\"https:\\\/\\\/siljart.fi\\\/\",\"name\":\"Siljart\",\"description\":\"Abstraktia taidetta akustiikkalevylle sek&auml; kankaalle\",\"publisher\":{\"@id\":\"https:\\\/\\\/siljart.fi\\\/#organization\"},\"potentialAction\":[{\"@type\":\"SearchAction\",\"target\":{\"@type\":\"EntryPoint\",\"urlTemplate\":\"https:\\\/\\\/siljart.fi\\\/?s={search_term_string}\"},\"query-input\":{\"@type\":\"PropertyValueSpecification\",\"valueRequired\":true,\"valueName\":\"search_term_string\"}}],\"inLanguage\":\"en-GB\"},{\"@type\":\"Organization\",\"@id\":\"https:\\\/\\\/siljart.fi\\\/#organization\",\"name\":\"Siljart\",\"url\":\"https:\\\/\\\/siljart.fi\\\/\",\"logo\":{\"@type\":\"ImageObject\",\"inLanguage\":\"en-GB\",\"@id\":\"https:\\\/\\\/siljart.fi\\\/#\\\/schema\\\/logo\\\/image\\\/\",\"url\":\"https:\\\/\\\/siljart.fi\\\/wp-content\\\/uploads\\\/2020\\\/11\\\/siljart-logo.png\",\"contentUrl\":\"https:\\\/\\\/siljart.fi\\\/wp-content\\\/uploads\\\/2020\\\/11\\\/siljart-logo.png\",\"width\":300,\"height\":194,\"caption\":\"Siljart\"},\"image\":{\"@id\":\"https:\\\/\\\/siljart.fi\\\/#\\\/schema\\\/logo\\\/image\\\/\"},\"sameAs\":[\"https:\\\/\\\/www.facebook.com\\\/Siljalitalo\\\/\",\"https:\\\/\\\/www.instagram.com\\\/artby.siljart\\\/?hl=fi\",\"https:\\\/\\\/fi.pinterest.com\\\/siljaalitalo\\\/_created\\\/\"]},{\"@type\":\"Person\",\"@id\":\"https:\\\/\\\/siljart.fi\\\/#\\\/schema\\\/person\\\/c1db1a9aaab2394b993043c645e5c990\",\"name\":\"SiljArt\",\"image\":{\"@type\":\"ImageObject\",\"inLanguage\":\"en-GB\",\"@id\":\"https:\\\/\\\/secure.gravatar.com\\\/avatar\\\/c224ea623ee274da7efb7bf920e4868f05c305a5958665c73fa0fb3e6c98fd2a?s=96&d=mm&r=g\",\"url\":\"https:\\\/\\\/secure.gravatar.com\\\/avatar\\\/c224ea623ee274da7efb7bf920e4868f05c305a5958665c73fa0fb3e6c98fd2a?s=96&d=mm&r=g\",\"contentUrl\":\"https:\\\/\\\/secure.gravatar.com\\\/avatar\\\/c224ea623ee274da7efb7bf920e4868f05c305a5958665c73fa0fb3e6c98fd2a?s=96&d=mm&r=g\",\"caption\":\"SiljArt\"},\"sameAs\":[\"https:\\\/\\\/siljart.fi\"]}]}<\/script>\n<!-- \/ Yoast SEO plugin. -->","yoast_head_json":{"title":"Taidettani Oulun Asuntomessuilla\u00a02025 &#8211; Siljart","description":"Jos suuntaat t\u00e4n\u00e4 kes\u00e4n\u00e4 Oulun Asuntomessuille 2025, k\u00e4y ihmeess\u00e4 kurkkaamassa upea Huvilaisen koti ja taiteeni sen seinill\u00e4\ud83d\udc9b","robots":{"index":"index","follow":"follow","max-snippet":"max-snippet:-1","max-image-preview":"max-image-preview:large","max-video-preview":"max-video-preview:-1"},"canonical":"https:\/\/siljart.fi\/en\/taidettani-oulun-asuntomessuilla-2025\/","og_locale":"en_GB","og_type":"article","og_title":"Taidettani Oulun Asuntomessuilla\u00a02025 &#8211; Siljart","og_description":"Jos suuntaat t\u00e4n\u00e4 kes\u00e4n\u00e4 Oulun Asuntomessuille 2025, k\u00e4y ihmeess\u00e4 kurkkaamassa upea Huvilaisen koti ja taiteeni sen seinill\u00e4\ud83d\udc9b","og_url":"https:\/\/siljart.fi\/en\/taidettani-oulun-asuntomessuilla-2025\/","og_site_name":"Siljart","article_publisher":"https:\/\/www.facebook.com\/Siljalitalo\/","article_published_time":"2025-05-22T11:51:44+00:00","article_modified_time":"2026-04-19T10:06:01+00:00","og_image":[{"width":1569,"height":1920,"url":"https:\/\/siljart.fi\/wp-content\/uploads\/2025\/05\/Oulun-asuntomessut-2025.jpg","type":"image\/jpeg"}],"author":"SiljArt","twitter_card":"summary_large_image","twitter_misc":{"Written by":"SiljArt","Estimated reading time":"2 minutes"},"schema":{"@context":"https:\/\/schema.org","@graph":[{"@type":"Article","@id":"https:\/\/siljart.fi\/taidettani-oulun-asuntomessuilla-2025\/#article","isPartOf":{"@id":"https:\/\/siljart.fi\/taidettani-oulun-asuntomessuilla-2025\/"},"author":{"name":"SiljArt","@id":"https:\/\/siljart.fi\/#\/schema\/person\/c1db1a9aaab2394b993043c645e5c990"},"headline":"Taidettani Oulun Asuntomessuilla\u00a02025","datePublished":"2025-05-22T11:51:44+00:00","dateModified":"2026-04-19T10:06:01+00:00","mainEntityOfPage":{"@id":"https:\/\/siljart.fi\/taidettani-oulun-asuntomessuilla-2025\/"},"wordCount":194,"commentCount":0,"publisher":{"@id":"https:\/\/siljart.fi\/#organization"},"image":{"@id":"https:\/\/siljart.fi\/taidettani-oulun-asuntomessuilla-2025\/#primaryimage"},"thumbnailUrl":"https:\/\/siljart.fi\/wp-content\/uploads\/2025\/05\/Oulun-asuntomessut-2025.jpg","keywords":["asuntomessut 2025"],"articleSection":["Asuntomessut","Messut","Rakentaminen","Sisustus"],"inLanguage":"en-GB","potentialAction":[{"@type":"CommentAction","name":"Comment","target":["https:\/\/siljart.fi\/taidettani-oulun-asuntomessuilla-2025\/#respond"]}]},{"@type":"WebPage","@id":"https:\/\/siljart.fi\/taidettani-oulun-asuntomessuilla-2025\/","url":"https:\/\/siljart.fi\/taidettani-oulun-asuntomessuilla-2025\/","name":"Taidettani Oulun Asuntomessuilla\u00a02025 &#8211; Siljart","isPartOf":{"@id":"https:\/\/siljart.fi\/#website"},"primaryImageOfPage":{"@id":"https:\/\/siljart.fi\/taidettani-oulun-asuntomessuilla-2025\/#primaryimage"},"image":{"@id":"https:\/\/siljart.fi\/taidettani-oulun-asuntomessuilla-2025\/#primaryimage"},"thumbnailUrl":"https:\/\/siljart.fi\/wp-content\/uploads\/2025\/05\/Oulun-asuntomessut-2025.jpg","datePublished":"2025-05-22T11:51:44+00:00","dateModified":"2026-04-19T10:06:01+00:00","description":"Jos suuntaat t\u00e4n\u00e4 kes\u00e4n\u00e4 Oulun Asuntomessuille 2025, k\u00e4y ihmeess\u00e4 kurkkaamassa upea Huvilaisen koti ja taiteeni sen seinill\u00e4\ud83d\udc9b","breadcrumb":{"@id":"https:\/\/siljart.fi\/taidettani-oulun-asuntomessuilla-2025\/#breadcrumb"},"inLanguage":"en-GB","potentialAction":[{"@type":"ReadAction","target":["https:\/\/siljart.fi\/taidettani-oulun-asuntomessuilla-2025\/"]}]},{"@type":"ImageObject","inLanguage":"en-GB","@id":"https:\/\/siljart.fi\/taidettani-oulun-asuntomessuilla-2025\/#primaryimage","url":"https:\/\/siljart.fi\/wp-content\/uploads\/2025\/05\/Oulun-asuntomessut-2025.jpg","contentUrl":"https:\/\/siljart.fi\/wp-content\/uploads\/2025\/05\/Oulun-asuntomessut-2025.jpg","width":1569,"height":1920,"caption":"Oulun asuntomessut 2025"},{"@type":"BreadcrumbList","@id":"https:\/\/siljart.fi\/taidettani-oulun-asuntomessuilla-2025\/#breadcrumb","itemListElement":[{"@type":"ListItem","position":1,"name":"Etusivu","item":"https:\/\/siljart.fi\/"},{"@type":"ListItem","position":2,"name":"Taidettani Oulun Asuntomessuilla\u00a02025"}]},{"@type":"WebSite","@id":"https:\/\/siljart.fi\/#website","url":"https:\/\/siljart.fi\/","name":"Siljart","description":"Abstraktia taidetta akustiikkalevylle sek&auml; kankaalle","publisher":{"@id":"https:\/\/siljart.fi\/#organization"},"potentialAction":[{"@type":"SearchAction","target":{"@type":"EntryPoint","urlTemplate":"https:\/\/siljart.fi\/?s={search_term_string}"},"query-input":{"@type":"PropertyValueSpecification","valueRequired":true,"valueName":"search_term_string"}}],"inLanguage":"en-GB"},{"@type":"Organization","@id":"https:\/\/siljart.fi\/#organization","name":"Siljart","url":"https:\/\/siljart.fi\/","logo":{"@type":"ImageObject","inLanguage":"en-GB","@id":"https:\/\/siljart.fi\/#\/schema\/logo\/image\/","url":"https:\/\/siljart.fi\/wp-content\/uploads\/2020\/11\/siljart-logo.png","contentUrl":"https:\/\/siljart.fi\/wp-content\/uploads\/2020\/11\/siljart-logo.png","width":300,"height":194,"caption":"Siljart"},"image":{"@id":"https:\/\/siljart.fi\/#\/schema\/logo\/image\/"},"sameAs":["https:\/\/www.facebook.com\/Siljalitalo\/","https:\/\/www.instagram.com\/artby.siljart\/?hl=fi","https:\/\/fi.pinterest.com\/siljaalitalo\/_created\/"]},{"@type":"Person","@id":"https:\/\/siljart.fi\/#\/schema\/person\/c1db1a9aaab2394b993043c645e5c990","name":"SiljArt","image":{"@type":"ImageObject","inLanguage":"en-GB","@id":"https:\/\/secure.gravatar.com\/avatar\/c224ea623ee274da7efb7bf920e4868f05c305a5958665c73fa0fb3e6c98fd2a?s=96&d=mm&r=g","url":"https:\/\/secure.gravatar.com\/avatar\/c224ea623ee274da7efb7bf920e4868f05c305a5958665c73fa0fb3e6c98fd2a?s=96&d=mm&r=g","contentUrl":"https:\/\/secure.gravatar.com\/avatar\/c224ea623ee274da7efb7bf920e4868f05c305a5958665c73fa0fb3e6c98fd2a?s=96&d=mm&r=g","caption":"SiljArt"},"sameAs":["https:\/\/siljart.fi"]}]}},"jetpack_featured_media_url":"https:\/\/siljart.fi\/wp-content\/uploads\/2025\/05\/Oulun-asuntomessut-2025.jpg","jetpack_sharing_enabled":true,"_links":{"self":[{"href":"https:\/\/siljart.fi\/en\/wp-json\/wp\/v2\/posts\/9863","targetHints":{"allow":["GET"]}}],"collection":[{"href":"https:\/\/siljart.fi\/en\/wp-json\/wp\/v2\/posts"}],"about":[{"href":"https:\/\/siljart.fi\/en\/wp-json\/wp\/v2\/types\/post"}],"author":[{"embeddable":true,"href":"https:\/\/siljart.fi\/en\/wp-json\/wp\/v2\/users\/1"}],"replies":[{"embeddable":true,"href":"https:\/\/siljart.fi\/en\/wp-json\/wp\/v2\/comments?post=9863"}],"version-history":[{"count":11,"href":"https:\/\/siljart.fi\/en\/wp-json\/wp\/v2\/posts\/9863\/revisions"}],"predecessor-version":[{"id":9909,"href":"https:\/\/siljart.fi\/en\/wp-json\/wp\/v2\/posts\/9863\/revisions\/9909"}],"wp:featuredmedia":[{"embeddable":true,"href":"https:\/\/siljart.fi\/en\/wp-json\/wp\/v2\/media\/9864"}],"wp:attachment":[{"href":"https:\/\/siljart.fi\/en\/wp-json\/wp\/v2\/media?parent=9863"}],"wp:term":[{"taxonomy":"category","embeddable":true,"href":"https:\/\/siljart.fi\/en\/wp-json\/wp\/v2\/categories?post=9863"},{"taxonomy":"post_tag","embeddable":true,"href":"https:\/\/siljart.fi\/en\/wp-json\/wp\/v2\/tags?post=9863"}],"curies":[{"name":"wp","href":"https:\/\/api.w.org\/{rel}","templated":true}]}}