{"id":9047,"date":"2024-08-21T11:23:54","date_gmt":"2024-08-21T08:23:54","guid":{"rendered":"https:\/\/siljart.fi\/?p=9047"},"modified":"2026-04-19T13:06:05","modified_gmt":"2026-04-19T10:06:05","slug":"hyvan-olon-messut-2024-taiteen-voima-sisustuksessa-luo-kotiisi-hyvinvointia-ja-tasapainoa","status":"publish","type":"post","link":"https:\/\/siljart.fi\/en\/hyvan-olon-messut-2024-taiteen-voima-sisustuksessa-luo-kotiisi-hyvinvointia-ja-tasapainoa\/","title":{"rendered":"Wellbeing Fair 2024: The power of art in interior design - creating wellbeing and balance in your home"},"content":{"rendered":"<p><\/p>\n\n\n\n<p>When you choose art for your home, you are also choosing the atmosphere that surrounds you every day. Soft tones, nature-inspired shapes and harmonious details can create a space where your mind and body can rest. Artworks that are embedded with memories, stories or deeper meanings will bring a sense of well-being and peace to your home, because it's exactly the way you want it.<\/p>\n\n\n\n<p>Home is a unique place where we can be exactly who we are. It's not just a space, but an environment created by our hearts, where every detail tells our story. Investing in your own home is not a waste. It is a gentle gesture towards ourselves and the people who live there.<\/p>\n\n\n\n<p>When your home is filled with artworks that resonate with you, it feels more than just a place to live, it becomes a safe haven where you can be yourself. I hope that my art can bring this feeling to you as you build a place to be<img decoding=\"async\" alt=\"\ud83d\udc9b\" src=\"https:\/\/fonts.gstatic.com\/s\/e\/notoemoji\/15.0\/1f49b\/32.png\"><\/p>\n\n\n\n<p>I will be <a href=\"https:\/\/satakunnanmessut.fi\/hyvanolonmessut\/\"><mark style=\"background-color:rgba(0, 0, 0, 0)\" class=\"has-inline-color has-pale-cyan-blue-color\">at the Feel Good-Fair<\/mark><\/a> on the same stand with interior designer <a href=\"https:\/\/www.paulahellberg.fi\/\"><mark style=\"background-color:rgba(0, 0, 0, 0)\" class=\"has-inline-color has-pale-cyan-blue-color\">Paula Hellberg<\/mark><\/a> We have joined forces to bring you inspiring interior design and art that will bring warmth, harmony and well-being to your home.<\/p>\n\n\n\n<p>&nbsp;See you at the fair!<img decoding=\"async\" src=\"https:\/\/fonts.gstatic.com\/s\/e\/notoemoji\/15.0\/1f49b\/32.png\" alt=\"\ud83d\udc9b\"><\/p>\n\n\n\n<p><\/p>\n\n\n\n<p class=\"has-text-align-center\">28.-29.9.2024 Feel Good Fair<\/p>\n\n\n\n<p class=\"has-text-align-center\">Agora hall SAMK campus<\/p>\n\n\n\n<p class=\"has-text-align-center\">Satakunnankatu 23, Pori, Finland<\/p>\n\n\n\n<p class=\"has-text-align-center\">LA - SU Open 12:00-17:00<\/p>\n\n\n\n<p><\/p>\n\n\n\n<figure class=\"wp-block-image size-large\"><a href=\"https:\/\/siljart.fi\/wp-content\/uploads\/2024\/08\/SiljArt-Hyvan_olon_messut_2024.jpg\"><img loading=\"lazy\" decoding=\"async\" width=\"768\" height=\"1024\" src=\"https:\/\/siljart.fi\/wp-content\/uploads\/2024\/08\/SiljArt-Hyvan_olon_messut_2024-768x1024.jpg\" alt=\"\" class=\"wp-image-9048\"\/><\/a><\/figure>\n\n\n\n<p class=\"has-text-align-center\"><\/p>\n<span class=\"et_bloom_bottom_trigger\"><\/span>","protected":false},"excerpt":{"rendered":"<p>Kun valitset taidetta kotiisi, valitset samalla tunnelmaa, joka ymp\u00e4r\u00f6i sinua joka p\u00e4iv\u00e4. Pehme\u00e4t s\u00e4vyt, luonnon inspiroimat muodot ja harmoniset yksityiskohdat voivat luoda tilan, jossa mieli ja keho saavat lev\u00e4t\u00e4. Taideteokset, joihin on k\u00e4tketty muistoja, tarinoita tai syvempi\u00e4 merkityksi\u00e4, tuovat kotiin hyv\u00e4\u00e4 oloa ja rauhaa, koska se on juuri sinun n\u00e4k\u00f6isesi. Koti on ainutlaatuinen paikka, miss\u00e4 [&hellip;]<\/p>\n","protected":false},"author":1,"featured_media":9036,"comment_status":"open","ping_status":"open","sticky":false,"template":"","format":"standard","meta":{"_et_pb_use_builder":"off","_et_pb_old_content":"","_et_gb_content_width":"","_jetpack_memberships_contains_paid_content":false,"footnotes":""},"categories":[117,119,111,90],"tags":[129],"class_list":["post-9047","post","type-post","status-publish","format-standard","has-post-thumbnail","hentry","category-messut","category-sisustus","category-taide","category-taidenayttely","tag-messut"],"yoast_head":"<!-- This site is optimized with the Yoast SEO plugin v27.5 - https:\/\/yoast.com\/product\/yoast-seo-wordpress\/ -->\n<title>Hyv\u00e4n olon messut: Taiteen voima sisustuksessa<\/title>\n<meta name=\"description\" content=\"Olen mukana Hyv\u00e4n olon -messuilla samalla osastolla sisustussuunnittelija Paula Hellbergin kanssa. Olemme yhdist\u00e4neet voimamme tarjotaksemme sinulle inspiroivaa sisustusta ja taidetta, joka tuo kotiisi l\u00e4mp\u00f6\u00e4, harmoniaa ja hyv\u00e4\u00e4 oloa.\" \/>\n<meta name=\"robots\" content=\"index, follow, max-snippet:-1, max-image-preview:large, max-video-preview:-1\" \/>\n<link rel=\"canonical\" href=\"https:\/\/siljart.fi\/en\/hyvan-olon-messut-2024-taiteen-voima-sisustuksessa-luo-kotiisi-hyvinvointia-ja-tasapainoa\/\" \/>\n<meta property=\"og:locale\" content=\"en_GB\" \/>\n<meta property=\"og:type\" content=\"article\" \/>\n<meta property=\"og:title\" content=\"Hyv\u00e4n olon messut: Taiteen voima sisustuksessa\" \/>\n<meta property=\"og:description\" content=\"Olen mukana Hyv\u00e4n olon -messuilla samalla osastolla sisustussuunnittelija Paula Hellbergin kanssa. Olemme yhdist\u00e4neet voimamme tarjotaksemme sinulle inspiroivaa sisustusta ja taidetta, joka tuo kotiisi l\u00e4mp\u00f6\u00e4, harmoniaa ja hyv\u00e4\u00e4 oloa.\" \/>\n<meta property=\"og:url\" content=\"https:\/\/siljart.fi\/en\/hyvan-olon-messut-2024-taiteen-voima-sisustuksessa-luo-kotiisi-hyvinvointia-ja-tasapainoa\/\" \/>\n<meta property=\"og:site_name\" content=\"Siljart\" \/>\n<meta property=\"article:publisher\" content=\"https:\/\/www.facebook.com\/Siljalitalo\/\" \/>\n<meta property=\"article:published_time\" content=\"2024-08-21T08:23:54+00:00\" \/>\n<meta property=\"article:modified_time\" content=\"2026-04-19T10:06:05+00:00\" \/>\n<meta property=\"og:image\" content=\"https:\/\/siljart.fi\/wp-content\/uploads\/2024\/08\/SiljArt-Hyvan_olon_messut_Pori.jpg\" \/>\n\t<meta property=\"og:image:width\" content=\"768\" \/>\n\t<meta property=\"og:image:height\" content=\"768\" \/>\n\t<meta property=\"og:image:type\" content=\"image\/jpeg\" \/>\n<meta name=\"author\" content=\"SiljArt\" \/>\n<meta name=\"twitter:card\" content=\"summary_large_image\" \/>\n<meta name=\"twitter:label1\" content=\"Written by\" \/>\n\t<meta name=\"twitter:data1\" content=\"SiljArt\" \/>\n\t<meta name=\"twitter:label2\" content=\"Estimated reading time\" \/>\n\t<meta name=\"twitter:data2\" content=\"2 minutes\" \/>\n<script type=\"application\/ld+json\" class=\"yoast-schema-graph\">{\"@context\":\"https:\\\/\\\/schema.org\",\"@graph\":[{\"@type\":\"Article\",\"@id\":\"https:\\\/\\\/siljart.fi\\\/hyvan-olon-messut-2024-taiteen-voima-sisustuksessa-luo-kotiisi-hyvinvointia-ja-tasapainoa\\\/#article\",\"isPartOf\":{\"@id\":\"https:\\\/\\\/siljart.fi\\\/hyvan-olon-messut-2024-taiteen-voima-sisustuksessa-luo-kotiisi-hyvinvointia-ja-tasapainoa\\\/\"},\"author\":{\"name\":\"SiljArt\",\"@id\":\"https:\\\/\\\/siljart.fi\\\/#\\\/schema\\\/person\\\/c1db1a9aaab2394b993043c645e5c990\"},\"headline\":\"Hyv\u00e4n olon messut 2024: Taiteen voima sisustuksessa &#8211; luo kotiisi hyvinvointia ja tasapainoa\",\"datePublished\":\"2024-08-21T08:23:54+00:00\",\"dateModified\":\"2026-04-19T10:06:05+00:00\",\"mainEntityOfPage\":{\"@id\":\"https:\\\/\\\/siljart.fi\\\/hyvan-olon-messut-2024-taiteen-voima-sisustuksessa-luo-kotiisi-hyvinvointia-ja-tasapainoa\\\/\"},\"wordCount\":210,\"commentCount\":0,\"publisher\":{\"@id\":\"https:\\\/\\\/siljart.fi\\\/#organization\"},\"image\":{\"@id\":\"https:\\\/\\\/siljart.fi\\\/hyvan-olon-messut-2024-taiteen-voima-sisustuksessa-luo-kotiisi-hyvinvointia-ja-tasapainoa\\\/#primaryimage\"},\"thumbnailUrl\":\"https:\\\/\\\/siljart.fi\\\/wp-content\\\/uploads\\\/2024\\\/08\\\/SiljArt-Hyvan_olon_messut_Pori.jpg\",\"keywords\":[\"messut\"],\"articleSection\":[\"Messut\",\"Sisustus\",\"Taide\",\"Taiden\u00e4yttely\"],\"inLanguage\":\"en-GB\",\"potentialAction\":[{\"@type\":\"CommentAction\",\"name\":\"Comment\",\"target\":[\"https:\\\/\\\/siljart.fi\\\/hyvan-olon-messut-2024-taiteen-voima-sisustuksessa-luo-kotiisi-hyvinvointia-ja-tasapainoa\\\/#respond\"]}]},{\"@type\":\"WebPage\",\"@id\":\"https:\\\/\\\/siljart.fi\\\/hyvan-olon-messut-2024-taiteen-voima-sisustuksessa-luo-kotiisi-hyvinvointia-ja-tasapainoa\\\/\",\"url\":\"https:\\\/\\\/siljart.fi\\\/hyvan-olon-messut-2024-taiteen-voima-sisustuksessa-luo-kotiisi-hyvinvointia-ja-tasapainoa\\\/\",\"name\":\"Hyv\u00e4n olon messut: Taiteen voima sisustuksessa\",\"isPartOf\":{\"@id\":\"https:\\\/\\\/siljart.fi\\\/#website\"},\"primaryImageOfPage\":{\"@id\":\"https:\\\/\\\/siljart.fi\\\/hyvan-olon-messut-2024-taiteen-voima-sisustuksessa-luo-kotiisi-hyvinvointia-ja-tasapainoa\\\/#primaryimage\"},\"image\":{\"@id\":\"https:\\\/\\\/siljart.fi\\\/hyvan-olon-messut-2024-taiteen-voima-sisustuksessa-luo-kotiisi-hyvinvointia-ja-tasapainoa\\\/#primaryimage\"},\"thumbnailUrl\":\"https:\\\/\\\/siljart.fi\\\/wp-content\\\/uploads\\\/2024\\\/08\\\/SiljArt-Hyvan_olon_messut_Pori.jpg\",\"datePublished\":\"2024-08-21T08:23:54+00:00\",\"dateModified\":\"2026-04-19T10:06:05+00:00\",\"description\":\"Olen mukana Hyv\u00e4n olon -messuilla samalla osastolla sisustussuunnittelija Paula Hellbergin kanssa. Olemme yhdist\u00e4neet voimamme tarjotaksemme sinulle inspiroivaa sisustusta ja taidetta, joka tuo kotiisi l\u00e4mp\u00f6\u00e4, harmoniaa ja hyv\u00e4\u00e4 oloa.\",\"breadcrumb\":{\"@id\":\"https:\\\/\\\/siljart.fi\\\/hyvan-olon-messut-2024-taiteen-voima-sisustuksessa-luo-kotiisi-hyvinvointia-ja-tasapainoa\\\/#breadcrumb\"},\"inLanguage\":\"en-GB\",\"potentialAction\":[{\"@type\":\"ReadAction\",\"target\":[\"https:\\\/\\\/siljart.fi\\\/hyvan-olon-messut-2024-taiteen-voima-sisustuksessa-luo-kotiisi-hyvinvointia-ja-tasapainoa\\\/\"]}]},{\"@type\":\"ImageObject\",\"inLanguage\":\"en-GB\",\"@id\":\"https:\\\/\\\/siljart.fi\\\/hyvan-olon-messut-2024-taiteen-voima-sisustuksessa-luo-kotiisi-hyvinvointia-ja-tasapainoa\\\/#primaryimage\",\"url\":\"https:\\\/\\\/siljart.fi\\\/wp-content\\\/uploads\\\/2024\\\/08\\\/SiljArt-Hyvan_olon_messut_Pori.jpg\",\"contentUrl\":\"https:\\\/\\\/siljart.fi\\\/wp-content\\\/uploads\\\/2024\\\/08\\\/SiljArt-Hyvan_olon_messut_Pori.jpg\",\"width\":768,\"height\":768,\"caption\":\"SiljArt - Hyv\u00e4n_olon_messut_Pori\"},{\"@type\":\"BreadcrumbList\",\"@id\":\"https:\\\/\\\/siljart.fi\\\/hyvan-olon-messut-2024-taiteen-voima-sisustuksessa-luo-kotiisi-hyvinvointia-ja-tasapainoa\\\/#breadcrumb\",\"itemListElement\":[{\"@type\":\"ListItem\",\"position\":1,\"name\":\"Etusivu\",\"item\":\"https:\\\/\\\/siljart.fi\\\/\"},{\"@type\":\"ListItem\",\"position\":2,\"name\":\"Hyv\u00e4n olon messut 2024: Taiteen voima sisustuksessa &#8211; luo kotiisi hyvinvointia ja tasapainoa\"}]},{\"@type\":\"WebSite\",\"@id\":\"https:\\\/\\\/siljart.fi\\\/#website\",\"url\":\"https:\\\/\\\/siljart.fi\\\/\",\"name\":\"Siljart\",\"description\":\"Abstraktia taidetta akustiikkalevylle sek&auml; kankaalle\",\"publisher\":{\"@id\":\"https:\\\/\\\/siljart.fi\\\/#organization\"},\"potentialAction\":[{\"@type\":\"SearchAction\",\"target\":{\"@type\":\"EntryPoint\",\"urlTemplate\":\"https:\\\/\\\/siljart.fi\\\/?s={search_term_string}\"},\"query-input\":{\"@type\":\"PropertyValueSpecification\",\"valueRequired\":true,\"valueName\":\"search_term_string\"}}],\"inLanguage\":\"en-GB\"},{\"@type\":\"Organization\",\"@id\":\"https:\\\/\\\/siljart.fi\\\/#organization\",\"name\":\"Siljart\",\"url\":\"https:\\\/\\\/siljart.fi\\\/\",\"logo\":{\"@type\":\"ImageObject\",\"inLanguage\":\"en-GB\",\"@id\":\"https:\\\/\\\/siljart.fi\\\/#\\\/schema\\\/logo\\\/image\\\/\",\"url\":\"https:\\\/\\\/siljart.fi\\\/wp-content\\\/uploads\\\/2020\\\/11\\\/siljart-logo.png\",\"contentUrl\":\"https:\\\/\\\/siljart.fi\\\/wp-content\\\/uploads\\\/2020\\\/11\\\/siljart-logo.png\",\"width\":300,\"height\":194,\"caption\":\"Siljart\"},\"image\":{\"@id\":\"https:\\\/\\\/siljart.fi\\\/#\\\/schema\\\/logo\\\/image\\\/\"},\"sameAs\":[\"https:\\\/\\\/www.facebook.com\\\/Siljalitalo\\\/\",\"https:\\\/\\\/www.instagram.com\\\/artby.siljart\\\/?hl=fi\",\"https:\\\/\\\/fi.pinterest.com\\\/siljaalitalo\\\/_created\\\/\"]},{\"@type\":\"Person\",\"@id\":\"https:\\\/\\\/siljart.fi\\\/#\\\/schema\\\/person\\\/c1db1a9aaab2394b993043c645e5c990\",\"name\":\"SiljArt\",\"image\":{\"@type\":\"ImageObject\",\"inLanguage\":\"en-GB\",\"@id\":\"https:\\\/\\\/secure.gravatar.com\\\/avatar\\\/c224ea623ee274da7efb7bf920e4868f05c305a5958665c73fa0fb3e6c98fd2a?s=96&d=mm&r=g\",\"url\":\"https:\\\/\\\/secure.gravatar.com\\\/avatar\\\/c224ea623ee274da7efb7bf920e4868f05c305a5958665c73fa0fb3e6c98fd2a?s=96&d=mm&r=g\",\"contentUrl\":\"https:\\\/\\\/secure.gravatar.com\\\/avatar\\\/c224ea623ee274da7efb7bf920e4868f05c305a5958665c73fa0fb3e6c98fd2a?s=96&d=mm&r=g\",\"caption\":\"SiljArt\"},\"sameAs\":[\"https:\\\/\\\/siljart.fi\"]}]}<\/script>\n<!-- \/ Yoast SEO plugin. -->","yoast_head_json":{"title":"Hyv\u00e4n olon messut: Taiteen voima sisustuksessa","description":"Olen mukana Hyv\u00e4n olon -messuilla samalla osastolla sisustussuunnittelija Paula Hellbergin kanssa. Olemme yhdist\u00e4neet voimamme tarjotaksemme sinulle inspiroivaa sisustusta ja taidetta, joka tuo kotiisi l\u00e4mp\u00f6\u00e4, harmoniaa ja hyv\u00e4\u00e4 oloa.","robots":{"index":"index","follow":"follow","max-snippet":"max-snippet:-1","max-image-preview":"max-image-preview:large","max-video-preview":"max-video-preview:-1"},"canonical":"https:\/\/siljart.fi\/en\/hyvan-olon-messut-2024-taiteen-voima-sisustuksessa-luo-kotiisi-hyvinvointia-ja-tasapainoa\/","og_locale":"en_GB","og_type":"article","og_title":"Hyv\u00e4n olon messut: Taiteen voima sisustuksessa","og_description":"Olen mukana Hyv\u00e4n olon -messuilla samalla osastolla sisustussuunnittelija Paula Hellbergin kanssa. Olemme yhdist\u00e4neet voimamme tarjotaksemme sinulle inspiroivaa sisustusta ja taidetta, joka tuo kotiisi l\u00e4mp\u00f6\u00e4, harmoniaa ja hyv\u00e4\u00e4 oloa.","og_url":"https:\/\/siljart.fi\/en\/hyvan-olon-messut-2024-taiteen-voima-sisustuksessa-luo-kotiisi-hyvinvointia-ja-tasapainoa\/","og_site_name":"Siljart","article_publisher":"https:\/\/www.facebook.com\/Siljalitalo\/","article_published_time":"2024-08-21T08:23:54+00:00","article_modified_time":"2026-04-19T10:06:05+00:00","og_image":[{"width":768,"height":768,"url":"https:\/\/siljart.fi\/wp-content\/uploads\/2024\/08\/SiljArt-Hyvan_olon_messut_Pori.jpg","type":"image\/jpeg"}],"author":"SiljArt","twitter_card":"summary_large_image","twitter_misc":{"Written by":"SiljArt","Estimated reading time":"2 minutes"},"schema":{"@context":"https:\/\/schema.org","@graph":[{"@type":"Article","@id":"https:\/\/siljart.fi\/hyvan-olon-messut-2024-taiteen-voima-sisustuksessa-luo-kotiisi-hyvinvointia-ja-tasapainoa\/#article","isPartOf":{"@id":"https:\/\/siljart.fi\/hyvan-olon-messut-2024-taiteen-voima-sisustuksessa-luo-kotiisi-hyvinvointia-ja-tasapainoa\/"},"author":{"name":"SiljArt","@id":"https:\/\/siljart.fi\/#\/schema\/person\/c1db1a9aaab2394b993043c645e5c990"},"headline":"Hyv\u00e4n olon messut 2024: Taiteen voima sisustuksessa &#8211; luo kotiisi hyvinvointia ja tasapainoa","datePublished":"2024-08-21T08:23:54+00:00","dateModified":"2026-04-19T10:06:05+00:00","mainEntityOfPage":{"@id":"https:\/\/siljart.fi\/hyvan-olon-messut-2024-taiteen-voima-sisustuksessa-luo-kotiisi-hyvinvointia-ja-tasapainoa\/"},"wordCount":210,"commentCount":0,"publisher":{"@id":"https:\/\/siljart.fi\/#organization"},"image":{"@id":"https:\/\/siljart.fi\/hyvan-olon-messut-2024-taiteen-voima-sisustuksessa-luo-kotiisi-hyvinvointia-ja-tasapainoa\/#primaryimage"},"thumbnailUrl":"https:\/\/siljart.fi\/wp-content\/uploads\/2024\/08\/SiljArt-Hyvan_olon_messut_Pori.jpg","keywords":["messut"],"articleSection":["Messut","Sisustus","Taide","Taiden\u00e4yttely"],"inLanguage":"en-GB","potentialAction":[{"@type":"CommentAction","name":"Comment","target":["https:\/\/siljart.fi\/hyvan-olon-messut-2024-taiteen-voima-sisustuksessa-luo-kotiisi-hyvinvointia-ja-tasapainoa\/#respond"]}]},{"@type":"WebPage","@id":"https:\/\/siljart.fi\/hyvan-olon-messut-2024-taiteen-voima-sisustuksessa-luo-kotiisi-hyvinvointia-ja-tasapainoa\/","url":"https:\/\/siljart.fi\/hyvan-olon-messut-2024-taiteen-voima-sisustuksessa-luo-kotiisi-hyvinvointia-ja-tasapainoa\/","name":"Hyv\u00e4n olon messut: Taiteen voima sisustuksessa","isPartOf":{"@id":"https:\/\/siljart.fi\/#website"},"primaryImageOfPage":{"@id":"https:\/\/siljart.fi\/hyvan-olon-messut-2024-taiteen-voima-sisustuksessa-luo-kotiisi-hyvinvointia-ja-tasapainoa\/#primaryimage"},"image":{"@id":"https:\/\/siljart.fi\/hyvan-olon-messut-2024-taiteen-voima-sisustuksessa-luo-kotiisi-hyvinvointia-ja-tasapainoa\/#primaryimage"},"thumbnailUrl":"https:\/\/siljart.fi\/wp-content\/uploads\/2024\/08\/SiljArt-Hyvan_olon_messut_Pori.jpg","datePublished":"2024-08-21T08:23:54+00:00","dateModified":"2026-04-19T10:06:05+00:00","description":"Olen mukana Hyv\u00e4n olon -messuilla samalla osastolla sisustussuunnittelija Paula Hellbergin kanssa. Olemme yhdist\u00e4neet voimamme tarjotaksemme sinulle inspiroivaa sisustusta ja taidetta, joka tuo kotiisi l\u00e4mp\u00f6\u00e4, harmoniaa ja hyv\u00e4\u00e4 oloa.","breadcrumb":{"@id":"https:\/\/siljart.fi\/hyvan-olon-messut-2024-taiteen-voima-sisustuksessa-luo-kotiisi-hyvinvointia-ja-tasapainoa\/#breadcrumb"},"inLanguage":"en-GB","potentialAction":[{"@type":"ReadAction","target":["https:\/\/siljart.fi\/hyvan-olon-messut-2024-taiteen-voima-sisustuksessa-luo-kotiisi-hyvinvointia-ja-tasapainoa\/"]}]},{"@type":"ImageObject","inLanguage":"en-GB","@id":"https:\/\/siljart.fi\/hyvan-olon-messut-2024-taiteen-voima-sisustuksessa-luo-kotiisi-hyvinvointia-ja-tasapainoa\/#primaryimage","url":"https:\/\/siljart.fi\/wp-content\/uploads\/2024\/08\/SiljArt-Hyvan_olon_messut_Pori.jpg","contentUrl":"https:\/\/siljart.fi\/wp-content\/uploads\/2024\/08\/SiljArt-Hyvan_olon_messut_Pori.jpg","width":768,"height":768,"caption":"SiljArt - Hyv\u00e4n_olon_messut_Pori"},{"@type":"BreadcrumbList","@id":"https:\/\/siljart.fi\/hyvan-olon-messut-2024-taiteen-voima-sisustuksessa-luo-kotiisi-hyvinvointia-ja-tasapainoa\/#breadcrumb","itemListElement":[{"@type":"ListItem","position":1,"name":"Etusivu","item":"https:\/\/siljart.fi\/"},{"@type":"ListItem","position":2,"name":"Hyv\u00e4n olon messut 2024: Taiteen voima sisustuksessa &#8211; luo kotiisi hyvinvointia ja tasapainoa"}]},{"@type":"WebSite","@id":"https:\/\/siljart.fi\/#website","url":"https:\/\/siljart.fi\/","name":"Siljart","description":"Abstraktia taidetta akustiikkalevylle sek&auml; kankaalle","publisher":{"@id":"https:\/\/siljart.fi\/#organization"},"potentialAction":[{"@type":"SearchAction","target":{"@type":"EntryPoint","urlTemplate":"https:\/\/siljart.fi\/?s={search_term_string}"},"query-input":{"@type":"PropertyValueSpecification","valueRequired":true,"valueName":"search_term_string"}}],"inLanguage":"en-GB"},{"@type":"Organization","@id":"https:\/\/siljart.fi\/#organization","name":"Siljart","url":"https:\/\/siljart.fi\/","logo":{"@type":"ImageObject","inLanguage":"en-GB","@id":"https:\/\/siljart.fi\/#\/schema\/logo\/image\/","url":"https:\/\/siljart.fi\/wp-content\/uploads\/2020\/11\/siljart-logo.png","contentUrl":"https:\/\/siljart.fi\/wp-content\/uploads\/2020\/11\/siljart-logo.png","width":300,"height":194,"caption":"Siljart"},"image":{"@id":"https:\/\/siljart.fi\/#\/schema\/logo\/image\/"},"sameAs":["https:\/\/www.facebook.com\/Siljalitalo\/","https:\/\/www.instagram.com\/artby.siljart\/?hl=fi","https:\/\/fi.pinterest.com\/siljaalitalo\/_created\/"]},{"@type":"Person","@id":"https:\/\/siljart.fi\/#\/schema\/person\/c1db1a9aaab2394b993043c645e5c990","name":"SiljArt","image":{"@type":"ImageObject","inLanguage":"en-GB","@id":"https:\/\/secure.gravatar.com\/avatar\/c224ea623ee274da7efb7bf920e4868f05c305a5958665c73fa0fb3e6c98fd2a?s=96&d=mm&r=g","url":"https:\/\/secure.gravatar.com\/avatar\/c224ea623ee274da7efb7bf920e4868f05c305a5958665c73fa0fb3e6c98fd2a?s=96&d=mm&r=g","contentUrl":"https:\/\/secure.gravatar.com\/avatar\/c224ea623ee274da7efb7bf920e4868f05c305a5958665c73fa0fb3e6c98fd2a?s=96&d=mm&r=g","caption":"SiljArt"},"sameAs":["https:\/\/siljart.fi"]}]}},"jetpack_featured_media_url":"https:\/\/siljart.fi\/wp-content\/uploads\/2024\/08\/SiljArt-Hyvan_olon_messut_Pori.jpg","jetpack_sharing_enabled":true,"_links":{"self":[{"href":"https:\/\/siljart.fi\/en\/wp-json\/wp\/v2\/posts\/9047","targetHints":{"allow":["GET"]}}],"collection":[{"href":"https:\/\/siljart.fi\/en\/wp-json\/wp\/v2\/posts"}],"about":[{"href":"https:\/\/siljart.fi\/en\/wp-json\/wp\/v2\/types\/post"}],"author":[{"embeddable":true,"href":"https:\/\/siljart.fi\/en\/wp-json\/wp\/v2\/users\/1"}],"replies":[{"embeddable":true,"href":"https:\/\/siljart.fi\/en\/wp-json\/wp\/v2\/comments?post=9047"}],"version-history":[{"count":4,"href":"https:\/\/siljart.fi\/en\/wp-json\/wp\/v2\/posts\/9047\/revisions"}],"predecessor-version":[{"id":9052,"href":"https:\/\/siljart.fi\/en\/wp-json\/wp\/v2\/posts\/9047\/revisions\/9052"}],"wp:featuredmedia":[{"embeddable":true,"href":"https:\/\/siljart.fi\/en\/wp-json\/wp\/v2\/media\/9036"}],"wp:attachment":[{"href":"https:\/\/siljart.fi\/en\/wp-json\/wp\/v2\/media?parent=9047"}],"wp:term":[{"taxonomy":"category","embeddable":true,"href":"https:\/\/siljart.fi\/en\/wp-json\/wp\/v2\/categories?post=9047"},{"taxonomy":"post_tag","embeddable":true,"href":"https:\/\/siljart.fi\/en\/wp-json\/wp\/v2\/tags?post=9047"}],"curies":[{"name":"wp","href":"https:\/\/api.w.org\/{rel}","templated":true}]}}