{"id":8689,"date":"2024-04-11T19:52:22","date_gmt":"2024-04-11T16:52:22","guid":{"rendered":"https:\/\/siljart.fi\/?p=8689"},"modified":"2026-04-19T13:06:18","modified_gmt":"2026-04-19T10:06:18","slug":"satakunnan-koti-ja-piha-messut-2024","status":"publish","type":"post","link":"https:\/\/siljart.fi\/en\/satakunnan-koti-ja-piha-messut-2024\/","title":{"rendered":"Satakunta Home and Garden - Fairs"},"content":{"rendered":"<p><\/p>\n\n\n\n<p class=\"has-text-align-center\">Satakunta Home and Yard Fair kicks off in just over a week! I am really excited to be an exhibitor for the first time! Come and say hello and check out my work, I look forward to seeing you there. My stand no.115 is located right next to the interior design quarter.<\/p>\n\n\n\n<p class=\"has-text-align-center\">You are warmly welcome!<\/p>\n\n\n\n<p class=\"has-text-align-center\">PORI KARHUHALLI<\/p>\n\n\n\n<p class=\"has-text-align-center\">Urheilutie 1, 28500 Pori, Finland<\/p>\n\n\n\n<p class=\"has-text-align-center\">Open at<\/p>\n\n\n\n<p class=\"has-text-align-center\">20.4 &#8211; 21.4.2024<\/p>\n\n\n\n<p class=\"has-text-align-center\">Sa 10-17 Sun 10-16<\/p>\n\n\n\n<p><\/p>\n\n\n\n<figure class=\"wp-block-image aligncenter size-large is-resized\"><a href=\"https:\/\/siljart.fi\/wp-content\/uploads\/2024\/04\/SiljArt-Koti-ja-Pihamessut-2024.jpg\"><img loading=\"lazy\" decoding=\"async\" width=\"1024\" height=\"579\" src=\"https:\/\/siljart.fi\/wp-content\/uploads\/2024\/04\/SiljArt-Koti-ja-Pihamessut-2024-1024x579.jpg\" alt=\"\" class=\"wp-image-8692\" style=\"width:462px;height:auto\" srcset=\"https:\/\/siljart.fi\/wp-content\/uploads\/2024\/04\/SiljArt-Koti-ja-Pihamessut-2024-1024x579.jpg 1024w, https:\/\/siljart.fi\/wp-content\/uploads\/2024\/04\/SiljArt-Koti-ja-Pihamessut-2024-980x554.jpg 980w, https:\/\/siljart.fi\/wp-content\/uploads\/2024\/04\/SiljArt-Koti-ja-Pihamessut-2024-480x272.jpg 480w\" sizes=\"(min-width: 0px) and (max-width: 480px) 480px, (min-width: 481px) and (max-width: 980px) 980px, (min-width: 981px) 1024px, 100vw\" \/><\/a><\/figure>\n<span class=\"et_bloom_bottom_trigger\"><\/span>","protected":false},"excerpt":{"rendered":"<p>Reilun viikon p\u00e4\u00e4st\u00e4 starttaavat Satakunnan Koti ja Piha &#8211; Messut! Olen todella innoissani, sill\u00e4 olen ensimm\u00e4ist\u00e4 kertaa mukana n\u00e4ytteilleasettajana! Tulkaa moikkaamaan ja tutustumaan teoksiini, odotan innolla tapaavani teit\u00e4 siell\u00e4. Osastoni nro.115 sijaitsee aivan sisustuskorttelin vieress\u00e4. L\u00e4mpim\u00e4sti tervetuloa! PORIN KARHUHALLI Urheilutie 1, 28500 Pori AVOINNA 20.4 &#8211; 21.4.2024 LA 10-17 SU 10-16<\/p>","protected":false},"author":1,"featured_media":8692,"comment_status":"open","ping_status":"open","sticky":false,"template":"","format":"standard","meta":{"_et_pb_use_builder":"off","_et_pb_old_content":"<!-- wp:paragraph {\"align\":\"center\"} -->\n<p class=\"has-text-align-center\">Reilun viikon p\u00e4\u00e4st\u00e4 starttaavat Satakunnan Koti ja Piha - Messut! Olen todella innoissani, sill\u00e4 olen ensimm\u00e4ist\u00e4 kertaa mukana n\u00e4ytteilleasettajana! Tulkaa moikkaamaan ja tutustumaan teoksiini, odotan innolla tapaavani teit\u00e4 siell\u00e4. Osastoni nro.115 sijaitsee aivan sisustuskorttelin vieress\u00e4.<\/p>\n<!-- \/wp:paragraph -->\n\n<!-- wp:paragraph {\"align\":\"center\"} -->\n<p class=\"has-text-align-center\">L\u00e4mpim\u00e4sti tervetuloa!<\/p>\n<!-- \/wp:paragraph -->\n\n<!-- wp:paragraph {\"align\":\"center\"} -->\n<p class=\"has-text-align-center\">PORIN KARHUHALLI<\/p>\n<!-- \/wp:paragraph -->\n\n<!-- wp:paragraph {\"align\":\"center\"} -->\n<p class=\"has-text-align-center\">Urheilutie 9, 28500 Pori<\/p>\n<!-- \/wp:paragraph -->\n\n<!-- wp:paragraph {\"align\":\"center\"} -->\n<p class=\"has-text-align-center\">AVOINNA<\/p>\n<!-- \/wp:paragraph -->\n\n<!-- wp:paragraph {\"align\":\"center\"} -->\n<p class=\"has-text-align-center\">20.4 - 21.4.2024<\/p>\n<!-- \/wp:paragraph -->\n\n<!-- wp:paragraph {\"align\":\"center\"} -->\n<p class=\"has-text-align-center\">LA 10-17 SU 10-16<\/p>\n<!-- \/wp:paragraph -->\n\n<!-- wp:image {\"id\":8692,\"width\":\"462px\",\"height\":\"auto\",\"sizeSlug\":\"large\",\"linkDestination\":\"media\",\"align\":\"center\"} -->\n<figure class=\"wp-block-image aligncenter size-large is-resized\"><a href=\"https:\/\/siljart.fi\/wp-content\/uploads\/2024\/04\/SiljArt-Koti-ja-Pihamessut-2024.jpg\"><img src=\"https:\/\/siljart.fi\/wp-content\/uploads\/2024\/04\/SiljArt-Koti-ja-Pihamessut-2024-1024x579.jpg\" alt=\"\" class=\"wp-image-8692\" style=\"width:462px;height:auto\"\/><\/a><\/figure>\n<!-- \/wp:image -->","_et_gb_content_width":"","_jetpack_memberships_contains_paid_content":false,"footnotes":""},"categories":[117,90],"tags":[118],"class_list":["post-8689","post","type-post","status-publish","format-standard","has-post-thumbnail","hentry","category-messut","category-taidenayttely","tag-koti-ja-piha"],"yoast_head":"<!-- This site is optimized with the Yoast SEO plugin v27.4 - https:\/\/yoast.com\/product\/yoast-seo-wordpress\/ -->\n<title>Satakunnan Koti ja piha - Messut 2024 &#8211; Siljart<\/title>\n<meta name=\"description\" content=\"Reilun viikon p\u00e4\u00e4st\u00e4 starttaavat Satakunnan Koti ja Piha - Messut! Olen todella innoissani, sill\u00e4 olen ensimm\u00e4ist\u00e4 kertaa mukana n\u00e4ytteilleasettajana!\" \/>\n<meta name=\"robots\" content=\"index, follow, max-snippet:-1, max-image-preview:large, max-video-preview:-1\" \/>\n<link rel=\"canonical\" href=\"https:\/\/siljart.fi\/en\/satakunnan-koti-ja-piha-messut-2024\/\" \/>\n<meta property=\"og:locale\" content=\"en_GB\" \/>\n<meta property=\"og:type\" content=\"article\" \/>\n<meta property=\"og:title\" content=\"Satakunnan Koti ja piha - Messut 2024 &#8211; Siljart\" \/>\n<meta property=\"og:description\" content=\"Reilun viikon p\u00e4\u00e4st\u00e4 starttaavat Satakunnan Koti ja Piha - Messut! Olen todella innoissani, sill\u00e4 olen ensimm\u00e4ist\u00e4 kertaa mukana n\u00e4ytteilleasettajana!\" \/>\n<meta property=\"og:url\" content=\"https:\/\/siljart.fi\/en\/satakunnan-koti-ja-piha-messut-2024\/\" \/>\n<meta property=\"og:site_name\" content=\"Siljart\" \/>\n<meta property=\"article:publisher\" content=\"https:\/\/www.facebook.com\/Siljalitalo\/\" \/>\n<meta property=\"article:published_time\" content=\"2024-04-11T16:52:22+00:00\" \/>\n<meta property=\"article:modified_time\" content=\"2026-04-19T10:06:18+00:00\" \/>\n<meta property=\"og:image\" content=\"https:\/\/siljart.fi\/wp-content\/uploads\/2024\/04\/SiljArt-Koti-ja-Pihamessut-2024.jpg\" \/>\n\t<meta property=\"og:image:width\" content=\"1080\" \/>\n\t<meta property=\"og:image:height\" content=\"611\" \/>\n\t<meta property=\"og:image:type\" content=\"image\/jpeg\" \/>\n<meta name=\"author\" content=\"SiljArt\" \/>\n<meta name=\"twitter:card\" content=\"summary_large_image\" \/>\n<meta name=\"twitter:label1\" content=\"Written by\" \/>\n\t<meta name=\"twitter:data1\" content=\"SiljArt\" \/>\n\t<meta name=\"twitter:label2\" content=\"Estimated reading time\" \/>\n\t<meta name=\"twitter:data2\" content=\"1 minute\" \/>\n<script type=\"application\/ld+json\" class=\"yoast-schema-graph\">{\"@context\":\"https:\\\/\\\/schema.org\",\"@graph\":[{\"@type\":\"Article\",\"@id\":\"https:\\\/\\\/siljart.fi\\\/satakunnan-koti-ja-piha-messut-2024\\\/#article\",\"isPartOf\":{\"@id\":\"https:\\\/\\\/siljart.fi\\\/satakunnan-koti-ja-piha-messut-2024\\\/\"},\"author\":{\"name\":\"SiljArt\",\"@id\":\"https:\\\/\\\/siljart.fi\\\/#\\\/schema\\\/person\\\/c1db1a9aaab2394b993043c645e5c990\"},\"headline\":\"Satakunnan Koti ja piha &#8211; Messut 2024\",\"datePublished\":\"2024-04-11T16:52:22+00:00\",\"dateModified\":\"2026-04-19T10:06:18+00:00\",\"mainEntityOfPage\":{\"@id\":\"https:\\\/\\\/siljart.fi\\\/satakunnan-koti-ja-piha-messut-2024\\\/\"},\"wordCount\":58,\"commentCount\":0,\"publisher\":{\"@id\":\"https:\\\/\\\/siljart.fi\\\/#organization\"},\"image\":{\"@id\":\"https:\\\/\\\/siljart.fi\\\/satakunnan-koti-ja-piha-messut-2024\\\/#primaryimage\"},\"thumbnailUrl\":\"https:\\\/\\\/siljart.fi\\\/wp-content\\\/uploads\\\/2024\\\/04\\\/SiljArt-Koti-ja-Pihamessut-2024.jpg\",\"keywords\":[\"koti ja piha\"],\"articleSection\":[\"Messut\",\"Taiden\u00e4yttely\"],\"inLanguage\":\"en-GB\",\"potentialAction\":[{\"@type\":\"CommentAction\",\"name\":\"Comment\",\"target\":[\"https:\\\/\\\/siljart.fi\\\/satakunnan-koti-ja-piha-messut-2024\\\/#respond\"]}]},{\"@type\":\"WebPage\",\"@id\":\"https:\\\/\\\/siljart.fi\\\/satakunnan-koti-ja-piha-messut-2024\\\/\",\"url\":\"https:\\\/\\\/siljart.fi\\\/satakunnan-koti-ja-piha-messut-2024\\\/\",\"name\":\"Satakunnan Koti ja piha - Messut 2024 &#8211; Siljart\",\"isPartOf\":{\"@id\":\"https:\\\/\\\/siljart.fi\\\/#website\"},\"primaryImageOfPage\":{\"@id\":\"https:\\\/\\\/siljart.fi\\\/satakunnan-koti-ja-piha-messut-2024\\\/#primaryimage\"},\"image\":{\"@id\":\"https:\\\/\\\/siljart.fi\\\/satakunnan-koti-ja-piha-messut-2024\\\/#primaryimage\"},\"thumbnailUrl\":\"https:\\\/\\\/siljart.fi\\\/wp-content\\\/uploads\\\/2024\\\/04\\\/SiljArt-Koti-ja-Pihamessut-2024.jpg\",\"datePublished\":\"2024-04-11T16:52:22+00:00\",\"dateModified\":\"2026-04-19T10:06:18+00:00\",\"description\":\"Reilun viikon p\u00e4\u00e4st\u00e4 starttaavat Satakunnan Koti ja Piha - Messut! Olen todella innoissani, sill\u00e4 olen ensimm\u00e4ist\u00e4 kertaa mukana n\u00e4ytteilleasettajana!\",\"breadcrumb\":{\"@id\":\"https:\\\/\\\/siljart.fi\\\/satakunnan-koti-ja-piha-messut-2024\\\/#breadcrumb\"},\"inLanguage\":\"en-GB\",\"potentialAction\":[{\"@type\":\"ReadAction\",\"target\":[\"https:\\\/\\\/siljart.fi\\\/satakunnan-koti-ja-piha-messut-2024\\\/\"]}]},{\"@type\":\"ImageObject\",\"inLanguage\":\"en-GB\",\"@id\":\"https:\\\/\\\/siljart.fi\\\/satakunnan-koti-ja-piha-messut-2024\\\/#primaryimage\",\"url\":\"https:\\\/\\\/siljart.fi\\\/wp-content\\\/uploads\\\/2024\\\/04\\\/SiljArt-Koti-ja-Pihamessut-2024.jpg\",\"contentUrl\":\"https:\\\/\\\/siljart.fi\\\/wp-content\\\/uploads\\\/2024\\\/04\\\/SiljArt-Koti-ja-Pihamessut-2024.jpg\",\"width\":1080,\"height\":611,\"caption\":\"SiljArt - Koti ja Pihamessut 2024\"},{\"@type\":\"BreadcrumbList\",\"@id\":\"https:\\\/\\\/siljart.fi\\\/satakunnan-koti-ja-piha-messut-2024\\\/#breadcrumb\",\"itemListElement\":[{\"@type\":\"ListItem\",\"position\":1,\"name\":\"Etusivu\",\"item\":\"https:\\\/\\\/siljart.fi\\\/\"},{\"@type\":\"ListItem\",\"position\":2,\"name\":\"Satakunnan Koti ja piha &#8211; Messut 2024\"}]},{\"@type\":\"WebSite\",\"@id\":\"https:\\\/\\\/siljart.fi\\\/#website\",\"url\":\"https:\\\/\\\/siljart.fi\\\/\",\"name\":\"Siljart\",\"description\":\"Abstraktia taidetta akustiikkalevylle sek&auml; kankaalle\",\"publisher\":{\"@id\":\"https:\\\/\\\/siljart.fi\\\/#organization\"},\"potentialAction\":[{\"@type\":\"SearchAction\",\"target\":{\"@type\":\"EntryPoint\",\"urlTemplate\":\"https:\\\/\\\/siljart.fi\\\/?s={search_term_string}\"},\"query-input\":{\"@type\":\"PropertyValueSpecification\",\"valueRequired\":true,\"valueName\":\"search_term_string\"}}],\"inLanguage\":\"en-GB\"},{\"@type\":\"Organization\",\"@id\":\"https:\\\/\\\/siljart.fi\\\/#organization\",\"name\":\"Siljart\",\"url\":\"https:\\\/\\\/siljart.fi\\\/\",\"logo\":{\"@type\":\"ImageObject\",\"inLanguage\":\"en-GB\",\"@id\":\"https:\\\/\\\/siljart.fi\\\/#\\\/schema\\\/logo\\\/image\\\/\",\"url\":\"https:\\\/\\\/siljart.fi\\\/wp-content\\\/uploads\\\/2020\\\/11\\\/siljart-logo.png\",\"contentUrl\":\"https:\\\/\\\/siljart.fi\\\/wp-content\\\/uploads\\\/2020\\\/11\\\/siljart-logo.png\",\"width\":300,\"height\":194,\"caption\":\"Siljart\"},\"image\":{\"@id\":\"https:\\\/\\\/siljart.fi\\\/#\\\/schema\\\/logo\\\/image\\\/\"},\"sameAs\":[\"https:\\\/\\\/www.facebook.com\\\/Siljalitalo\\\/\",\"https:\\\/\\\/www.instagram.com\\\/artby.siljart\\\/?hl=fi\",\"https:\\\/\\\/fi.pinterest.com\\\/siljaalitalo\\\/_created\\\/\"]},{\"@type\":\"Person\",\"@id\":\"https:\\\/\\\/siljart.fi\\\/#\\\/schema\\\/person\\\/c1db1a9aaab2394b993043c645e5c990\",\"name\":\"SiljArt\",\"image\":{\"@type\":\"ImageObject\",\"inLanguage\":\"en-GB\",\"@id\":\"https:\\\/\\\/secure.gravatar.com\\\/avatar\\\/c224ea623ee274da7efb7bf920e4868f05c305a5958665c73fa0fb3e6c98fd2a?s=96&d=mm&r=g\",\"url\":\"https:\\\/\\\/secure.gravatar.com\\\/avatar\\\/c224ea623ee274da7efb7bf920e4868f05c305a5958665c73fa0fb3e6c98fd2a?s=96&d=mm&r=g\",\"contentUrl\":\"https:\\\/\\\/secure.gravatar.com\\\/avatar\\\/c224ea623ee274da7efb7bf920e4868f05c305a5958665c73fa0fb3e6c98fd2a?s=96&d=mm&r=g\",\"caption\":\"SiljArt\"},\"sameAs\":[\"https:\\\/\\\/siljart.fi\"]}]}<\/script>\n<!-- \/ Yoast SEO plugin. -->","yoast_head_json":{"title":"Satakunnan Koti ja piha - Messut 2024 &#8211; Siljart","description":"Reilun viikon p\u00e4\u00e4st\u00e4 starttaavat Satakunnan Koti ja Piha - Messut! Olen todella innoissani, sill\u00e4 olen ensimm\u00e4ist\u00e4 kertaa mukana n\u00e4ytteilleasettajana!","robots":{"index":"index","follow":"follow","max-snippet":"max-snippet:-1","max-image-preview":"max-image-preview:large","max-video-preview":"max-video-preview:-1"},"canonical":"https:\/\/siljart.fi\/en\/satakunnan-koti-ja-piha-messut-2024\/","og_locale":"en_GB","og_type":"article","og_title":"Satakunnan Koti ja piha - Messut 2024 &#8211; Siljart","og_description":"Reilun viikon p\u00e4\u00e4st\u00e4 starttaavat Satakunnan Koti ja Piha - Messut! Olen todella innoissani, sill\u00e4 olen ensimm\u00e4ist\u00e4 kertaa mukana n\u00e4ytteilleasettajana!","og_url":"https:\/\/siljart.fi\/en\/satakunnan-koti-ja-piha-messut-2024\/","og_site_name":"Siljart","article_publisher":"https:\/\/www.facebook.com\/Siljalitalo\/","article_published_time":"2024-04-11T16:52:22+00:00","article_modified_time":"2026-04-19T10:06:18+00:00","og_image":[{"width":1080,"height":611,"url":"https:\/\/siljart.fi\/wp-content\/uploads\/2024\/04\/SiljArt-Koti-ja-Pihamessut-2024.jpg","type":"image\/jpeg"}],"author":"SiljArt","twitter_card":"summary_large_image","twitter_misc":{"Written by":"SiljArt","Estimated reading time":"1 minute"},"schema":{"@context":"https:\/\/schema.org","@graph":[{"@type":"Article","@id":"https:\/\/siljart.fi\/satakunnan-koti-ja-piha-messut-2024\/#article","isPartOf":{"@id":"https:\/\/siljart.fi\/satakunnan-koti-ja-piha-messut-2024\/"},"author":{"name":"SiljArt","@id":"https:\/\/siljart.fi\/#\/schema\/person\/c1db1a9aaab2394b993043c645e5c990"},"headline":"Satakunnan Koti ja piha &#8211; Messut 2024","datePublished":"2024-04-11T16:52:22+00:00","dateModified":"2026-04-19T10:06:18+00:00","mainEntityOfPage":{"@id":"https:\/\/siljart.fi\/satakunnan-koti-ja-piha-messut-2024\/"},"wordCount":58,"commentCount":0,"publisher":{"@id":"https:\/\/siljart.fi\/#organization"},"image":{"@id":"https:\/\/siljart.fi\/satakunnan-koti-ja-piha-messut-2024\/#primaryimage"},"thumbnailUrl":"https:\/\/siljart.fi\/wp-content\/uploads\/2024\/04\/SiljArt-Koti-ja-Pihamessut-2024.jpg","keywords":["koti ja piha"],"articleSection":["Messut","Taiden\u00e4yttely"],"inLanguage":"en-GB","potentialAction":[{"@type":"CommentAction","name":"Comment","target":["https:\/\/siljart.fi\/satakunnan-koti-ja-piha-messut-2024\/#respond"]}]},{"@type":"WebPage","@id":"https:\/\/siljart.fi\/satakunnan-koti-ja-piha-messut-2024\/","url":"https:\/\/siljart.fi\/satakunnan-koti-ja-piha-messut-2024\/","name":"Satakunnan Koti ja piha - Messut 2024 &#8211; Siljart","isPartOf":{"@id":"https:\/\/siljart.fi\/#website"},"primaryImageOfPage":{"@id":"https:\/\/siljart.fi\/satakunnan-koti-ja-piha-messut-2024\/#primaryimage"},"image":{"@id":"https:\/\/siljart.fi\/satakunnan-koti-ja-piha-messut-2024\/#primaryimage"},"thumbnailUrl":"https:\/\/siljart.fi\/wp-content\/uploads\/2024\/04\/SiljArt-Koti-ja-Pihamessut-2024.jpg","datePublished":"2024-04-11T16:52:22+00:00","dateModified":"2026-04-19T10:06:18+00:00","description":"Reilun viikon p\u00e4\u00e4st\u00e4 starttaavat Satakunnan Koti ja Piha - Messut! Olen todella innoissani, sill\u00e4 olen ensimm\u00e4ist\u00e4 kertaa mukana n\u00e4ytteilleasettajana!","breadcrumb":{"@id":"https:\/\/siljart.fi\/satakunnan-koti-ja-piha-messut-2024\/#breadcrumb"},"inLanguage":"en-GB","potentialAction":[{"@type":"ReadAction","target":["https:\/\/siljart.fi\/satakunnan-koti-ja-piha-messut-2024\/"]}]},{"@type":"ImageObject","inLanguage":"en-GB","@id":"https:\/\/siljart.fi\/satakunnan-koti-ja-piha-messut-2024\/#primaryimage","url":"https:\/\/siljart.fi\/wp-content\/uploads\/2024\/04\/SiljArt-Koti-ja-Pihamessut-2024.jpg","contentUrl":"https:\/\/siljart.fi\/wp-content\/uploads\/2024\/04\/SiljArt-Koti-ja-Pihamessut-2024.jpg","width":1080,"height":611,"caption":"SiljArt - Koti ja Pihamessut 2024"},{"@type":"BreadcrumbList","@id":"https:\/\/siljart.fi\/satakunnan-koti-ja-piha-messut-2024\/#breadcrumb","itemListElement":[{"@type":"ListItem","position":1,"name":"Etusivu","item":"https:\/\/siljart.fi\/"},{"@type":"ListItem","position":2,"name":"Satakunnan Koti ja piha &#8211; Messut 2024"}]},{"@type":"WebSite","@id":"https:\/\/siljart.fi\/#website","url":"https:\/\/siljart.fi\/","name":"Siljart","description":"Abstraktia taidetta akustiikkalevylle sek&auml; kankaalle","publisher":{"@id":"https:\/\/siljart.fi\/#organization"},"potentialAction":[{"@type":"SearchAction","target":{"@type":"EntryPoint","urlTemplate":"https:\/\/siljart.fi\/?s={search_term_string}"},"query-input":{"@type":"PropertyValueSpecification","valueRequired":true,"valueName":"search_term_string"}}],"inLanguage":"en-GB"},{"@type":"Organization","@id":"https:\/\/siljart.fi\/#organization","name":"Siljart","url":"https:\/\/siljart.fi\/","logo":{"@type":"ImageObject","inLanguage":"en-GB","@id":"https:\/\/siljart.fi\/#\/schema\/logo\/image\/","url":"https:\/\/siljart.fi\/wp-content\/uploads\/2020\/11\/siljart-logo.png","contentUrl":"https:\/\/siljart.fi\/wp-content\/uploads\/2020\/11\/siljart-logo.png","width":300,"height":194,"caption":"Siljart"},"image":{"@id":"https:\/\/siljart.fi\/#\/schema\/logo\/image\/"},"sameAs":["https:\/\/www.facebook.com\/Siljalitalo\/","https:\/\/www.instagram.com\/artby.siljart\/?hl=fi","https:\/\/fi.pinterest.com\/siljaalitalo\/_created\/"]},{"@type":"Person","@id":"https:\/\/siljart.fi\/#\/schema\/person\/c1db1a9aaab2394b993043c645e5c990","name":"SiljArt","image":{"@type":"ImageObject","inLanguage":"en-GB","@id":"https:\/\/secure.gravatar.com\/avatar\/c224ea623ee274da7efb7bf920e4868f05c305a5958665c73fa0fb3e6c98fd2a?s=96&d=mm&r=g","url":"https:\/\/secure.gravatar.com\/avatar\/c224ea623ee274da7efb7bf920e4868f05c305a5958665c73fa0fb3e6c98fd2a?s=96&d=mm&r=g","contentUrl":"https:\/\/secure.gravatar.com\/avatar\/c224ea623ee274da7efb7bf920e4868f05c305a5958665c73fa0fb3e6c98fd2a?s=96&d=mm&r=g","caption":"SiljArt"},"sameAs":["https:\/\/siljart.fi"]}]}},"jetpack_featured_media_url":"https:\/\/siljart.fi\/wp-content\/uploads\/2024\/04\/SiljArt-Koti-ja-Pihamessut-2024.jpg","jetpack_sharing_enabled":true,"_links":{"self":[{"href":"https:\/\/siljart.fi\/en\/wp-json\/wp\/v2\/posts\/8689","targetHints":{"allow":["GET"]}}],"collection":[{"href":"https:\/\/siljart.fi\/en\/wp-json\/wp\/v2\/posts"}],"about":[{"href":"https:\/\/siljart.fi\/en\/wp-json\/wp\/v2\/types\/post"}],"author":[{"embeddable":true,"href":"https:\/\/siljart.fi\/en\/wp-json\/wp\/v2\/users\/1"}],"replies":[{"embeddable":true,"href":"https:\/\/siljart.fi\/en\/wp-json\/wp\/v2\/comments?post=8689"}],"version-history":[{"count":5,"href":"https:\/\/siljart.fi\/en\/wp-json\/wp\/v2\/posts\/8689\/revisions"}],"predecessor-version":[{"id":9832,"href":"https:\/\/siljart.fi\/en\/wp-json\/wp\/v2\/posts\/8689\/revisions\/9832"}],"wp:featuredmedia":[{"embeddable":true,"href":"https:\/\/siljart.fi\/en\/wp-json\/wp\/v2\/media\/8692"}],"wp:attachment":[{"href":"https:\/\/siljart.fi\/en\/wp-json\/wp\/v2\/media?parent=8689"}],"wp:term":[{"taxonomy":"category","embeddable":true,"href":"https:\/\/siljart.fi\/en\/wp-json\/wp\/v2\/categories?post=8689"},{"taxonomy":"post_tag","embeddable":true,"href":"https:\/\/siljart.fi\/en\/wp-json\/wp\/v2\/tags?post=8689"}],"curies":[{"name":"wp","href":"https:\/\/api.w.org\/{rel}","templated":true}]}}