{"id":8307,"date":"2023-12-28T14:42:01","date_gmt":"2023-12-28T12:42:01","guid":{"rendered":"https:\/\/siljart.fi\/?p=8307"},"modified":"2026-04-19T13:06:25","modified_gmt":"2026-04-19T10:06:25","slug":"kiitollisuutta-kohtaamisia-ja-taiteen-lumoa","status":"publish","type":"post","link":"https:\/\/siljart.fi\/en\/kiitollisuutta-kohtaamisia-ja-taiteen-lumoa\/","title":{"rendered":"Gratitude, Encounters and the Magic of Art"},"content":{"rendered":"[et_pb_section admin_label=&#8221;section&#8221;]\n\t\t\t[et_pb_row admin_label=&#8221;row&#8221;]\n\t\t\t\t[et_pb_column type=&#8221;4_4&#8243;][et_pb_text admin_label=&#8221;Text&#8221;]\n<p>Hei, toivottavasti voitte hyvin\u2764\ufe0f<\/p>\n\n\n\n<p>Joulun aika oli t\u00e4ynn\u00e4 iloa ja rentoutumista perheen ja l\u00e4heisten kanssa. Nyt, kun uusi vuosi on alkamaisillaan, haluan pys\u00e4hty\u00e4 hetkeksi ja jakaa kanssanne ajatuksia kuluneesta vuodesta ja tulevista suunnitelmistani.<\/p>\n\n\n\n<p>T\u00e4m\u00e4 vuosi on ollut t\u00e4ynn\u00e4 upeita ja j\u00e4nnitt\u00e4vi\u00e4 hetki\u00e4. Uskalsin kev\u00e4\u00e4ll\u00e4 l\u00e4hte\u00e4 vihdoin kokeilemaan siipi\u00e4ni ja l\u00e4hte\u00e4 toteuttamaan unelmaani p\u00e4\u00e4toimisena yritt\u00e4j\u00e4n\u00e4.\u2728\ufe0f<\/p>\n\n\n\n<p>Matkani on t\u00e4h\u00e4n asti sis\u00e4lt\u00e4nyt ihania kohtaamisia, j\u00e4nnitt\u00e4vi\u00e4 mahdollisuuksia ja arvokkaita hetki\u00e4. Vaikka olen kohdannut my\u00f6s vaikeuksia, olen samalla l\u00f6yt\u00e4nyt itsest\u00e4ni voimaa ja rohkeutta. On elett\u00e4v\u00e4 hetki kerrallaan ja muistaa n\u00e4hd\u00e4 ne pienimm\u00e4tkin ilon aiheet.<\/p>\n\n\n\n<p>Haluan v\u00e4litt\u00e4\u00e4 syd\u00e4melliset kiitokseni teille, jotka olette olleet rinnallani, tukeneet ja kannustaneet minua. Ilman teit\u00e4 t\u00e4m\u00e4 matka ei olisi ollut yht\u00e4 merkityksellinen.<\/p>\n\n\n\n<p>Tulevana vuonna toivon saavani toteuttaa teid\u00e4n el\u00e4m\u00e4n tarinoita tauluiksi, jotka her\u00e4tt\u00e4v\u00e4t voimakkaita tunteita ja rohkaisisivat jokaista kohtaamaan oman tarinansa ainutlaatuisuuden.\u2728\ufe0f<\/p>\n\n\n\n<p>Olen mukana messuilla sek\u00e4 pid\u00e4n ainakin yhden yksityisn\u00e4yttelyn. Loput j\u00e4\u00e4 n\u00e4ht\u00e4v\u00e4ksi ja odotan innolla, mit\u00e4 tulevaisuudella on minulle annettavanaan\ud83d\ude4f\u2728\ufe0f\ud83d\udc9b<\/p>\n\n\n\n<p><\/p>\n\n\n\n<figure class=\"wp-block-image size-large is-resized\"><a href=\"https:\/\/siljart.fi\/wp-content\/uploads\/2023\/12\/SiljArt-Where-i-belong2.jpg\"><img loading=\"lazy\" decoding=\"async\" width=\"768\" height=\"1024\" src=\"https:\/\/siljart.fi\/wp-content\/uploads\/2023\/12\/SiljArt-Where-i-belong2-768x1024.jpg\" alt=\"\" class=\"wp-image-8308\" style=\"width:399px;height:auto\"\/><\/a><\/figure>\n[\/et_pb_text][\/et_pb_column]\n\t\t\t[\/et_pb_row]\n\t\t[\/et_pb_section]<span class=\"et_bloom_bottom_trigger\"><\/span>","protected":false},"excerpt":{"rendered":"<p>Hei, toivottavasti voitte hyvin\u2764\ufe0f Joulun aika oli t\u00e4ynn\u00e4 iloa ja rentoutumista perheen ja l\u00e4heisten kanssa. Nyt, kun uusi vuosi on alkamaisillaan, haluan pys\u00e4hty\u00e4 hetkeksi ja jakaa kanssanne ajatuksia kuluneesta vuodesta ja tulevista suunnitelmistani. T\u00e4m\u00e4 vuosi on ollut t\u00e4ynn\u00e4 upeita ja j\u00e4nnitt\u00e4vi\u00e4 hetki\u00e4. Uskalsin kev\u00e4\u00e4ll\u00e4 l\u00e4hte\u00e4 vihdoin kokeilemaan siipi\u00e4ni ja l\u00e4hte\u00e4 toteuttamaan unelmaani p\u00e4\u00e4toimisena yritt\u00e4j\u00e4n\u00e4.\u2728\ufe0f Matkani [&hellip;]<\/p>\n","protected":false},"author":1,"featured_media":8315,"comment_status":"open","ping_status":"open","sticky":false,"template":"","format":"standard","meta":{"_et_pb_use_builder":"on","_et_pb_old_content":"<!-- wp:paragraph -->\n<p>Hei, toivottavasti voitte hyvin\u2764\ufe0f<\/p>\n<!-- \/wp:paragraph -->\n\n<!-- wp:paragraph -->\n<p>Joulun aika oli t\u00e4ynn\u00e4 iloa ja rentoutumista perheen ja l\u00e4heisten kanssa. Nyt, kun uusi vuosi on alkamaisillaan, haluan pys\u00e4hty\u00e4 hetkeksi ja jakaa kanssanne ajatuksia kuluneesta vuodesta ja tulevista suunnitelmistani.<\/p>\n<!-- \/wp:paragraph -->\n\n<!-- wp:paragraph -->\n<p>T\u00e4m\u00e4 vuosi on ollut t\u00e4ynn\u00e4 upeita ja j\u00e4nnitt\u00e4vi\u00e4 hetki\u00e4. Uskalsin kev\u00e4\u00e4ll\u00e4 l\u00e4hte\u00e4 vihdoin kokeilemaan siipi\u00e4ni ja l\u00e4hte\u00e4 toteuttamaan unelmaani p\u00e4\u00e4toimisena yritt\u00e4j\u00e4n\u00e4.\u2728\ufe0f<\/p>\n<!-- \/wp:paragraph -->\n\n<!-- wp:paragraph -->\n<p>Matkani on t\u00e4h\u00e4n asti sis\u00e4lt\u00e4nyt ihania kohtaamisia, j\u00e4nnitt\u00e4vi\u00e4 mahdollisuuksia ja arvokkaita hetki\u00e4. Vaikka olen kohdannut my\u00f6s vaikeuksia, olen samalla l\u00f6yt\u00e4nyt itsest\u00e4ni voimaa ja rohkeutta. On elett\u00e4v\u00e4 hetki kerrallaan ja muistaa n\u00e4hd\u00e4 ne pienimm\u00e4tkin ilon aiheet.<\/p>\n<!-- \/wp:paragraph -->\n\n<!-- wp:paragraph -->\n<p>Haluan v\u00e4litt\u00e4\u00e4 syd\u00e4melliset kiitokseni teille, jotka olette olleet rinnallani, tukeneet ja kannustaneet minua. Ilman teit\u00e4 t\u00e4m\u00e4 matka ei olisi ollut yht\u00e4 merkityksellinen.<\/p>\n<!-- \/wp:paragraph -->\n\n<!-- wp:paragraph -->\n<p>Tulevana vuonna toivon saavani toteuttaa teid\u00e4n el\u00e4m\u00e4n tarinoita tauluiksi, jotka her\u00e4tt\u00e4v\u00e4t voimakkaita tunteita ja rohkaisisivat jokaista kohtaamaan oman tarinansa ainutlaatuisuuden.\u2728\ufe0f<\/p>\n<!-- \/wp:paragraph -->\n\n<!-- wp:paragraph -->\n<p>Olen mukana messuilla sek\u00e4 pid\u00e4n ainakin yhden yksityisn\u00e4yttelyn. Loput j\u00e4\u00e4 n\u00e4ht\u00e4v\u00e4ksi ja odotan innolla, mit\u00e4 tulevaisuudella on minulle annettavanaan\ud83d\ude4f\u2728\ufe0f\ud83d\udc9b<\/p>\n<!-- \/wp:paragraph -->\n\n<!-- wp:paragraph -->\n<p><\/p>\n<!-- \/wp:paragraph -->\n\n<!-- wp:image {\"id\":8308,\"width\":\"399px\",\"height\":\"auto\",\"sizeSlug\":\"large\",\"linkDestination\":\"media\"} -->\n<figure class=\"wp-block-image size-large is-resized\"><a href=\"https:\/\/siljart.fi\/wp-content\/uploads\/2023\/12\/SiljArt-Where-i-belong2.jpg\"><img src=\"https:\/\/siljart.fi\/wp-content\/uploads\/2023\/12\/SiljArt-Where-i-belong2-768x1024.jpg\" alt=\"\" class=\"wp-image-8308\" style=\"width:399px;height:auto\"\/><\/a><\/figure>\n<!-- \/wp:image -->","_et_gb_content_width":"","_jetpack_memberships_contains_paid_content":false,"footnotes":""},"categories":[90,88],"tags":[],"class_list":["post-8307","post","type-post","status-publish","format-standard","has-post-thumbnail","hentry","category-taidenayttely","category-yrittajyys"],"yoast_head":"<!-- This site is optimized with the Yoast SEO plugin v27.5 - https:\/\/yoast.com\/product\/yoast-seo-wordpress\/ -->\n<title>Kiitollisuutta, Kohtaamisia ja Taiteen Lumoa &#8211; Siljart<\/title>\n<meta name=\"description\" content=\"Hei, toivottavasti voitte hyvin\u2764\ufe0fJoulun aika oli t\u00e4ynn\u00e4 iloa ja rentoutumista perheen ja l\u00e4heisten kanssa. Nyt, kun uusi vuosi on alkamaisillaan, haluan pys\u00e4hty\u00e4 hetkeksi ja jakaa kanssanne ajatuksia kuluneesta vuodesta ja tulevista suunnitelmistani.\" \/>\n<meta name=\"robots\" content=\"index, follow, max-snippet:-1, max-image-preview:large, max-video-preview:-1\" \/>\n<link rel=\"canonical\" href=\"https:\/\/siljart.fi\/en\/kiitollisuutta-kohtaamisia-ja-taiteen-lumoa\/\" \/>\n<meta property=\"og:locale\" content=\"en_GB\" \/>\n<meta property=\"og:type\" content=\"article\" \/>\n<meta property=\"og:title\" content=\"Kiitollisuutta, Kohtaamisia ja Taiteen Lumoa &#8211; Siljart\" \/>\n<meta property=\"og:description\" content=\"Hei, toivottavasti voitte hyvin\u2764\ufe0fJoulun aika oli t\u00e4ynn\u00e4 iloa ja rentoutumista perheen ja l\u00e4heisten kanssa. Nyt, kun uusi vuosi on alkamaisillaan, haluan pys\u00e4hty\u00e4 hetkeksi ja jakaa kanssanne ajatuksia kuluneesta vuodesta ja tulevista suunnitelmistani.\" \/>\n<meta property=\"og:url\" content=\"https:\/\/siljart.fi\/en\/kiitollisuutta-kohtaamisia-ja-taiteen-lumoa\/\" \/>\n<meta property=\"og:site_name\" content=\"Siljart\" \/>\n<meta property=\"article:publisher\" content=\"https:\/\/www.facebook.com\/Siljalitalo\/\" \/>\n<meta property=\"article:published_time\" content=\"2023-12-28T12:42:01+00:00\" \/>\n<meta property=\"article:modified_time\" content=\"2026-04-19T10:06:25+00:00\" \/>\n<meta property=\"og:image\" content=\"https:\/\/siljart.fi\/wp-content\/uploads\/2023\/12\/SiljArt-Where-i-belong4.jpg\" \/>\n\t<meta property=\"og:image:width\" content=\"1440\" \/>\n\t<meta property=\"og:image:height\" content=\"1920\" \/>\n\t<meta property=\"og:image:type\" content=\"image\/jpeg\" \/>\n<meta name=\"author\" content=\"SiljArt\" \/>\n<meta name=\"twitter:card\" content=\"summary_large_image\" \/>\n<meta name=\"twitter:label1\" content=\"Written by\" \/>\n\t<meta name=\"twitter:data1\" content=\"SiljArt\" \/>\n\t<meta name=\"twitter:label2\" content=\"Estimated reading time\" \/>\n\t<meta name=\"twitter:data2\" content=\"2 minutes\" \/>\n<script type=\"application\/ld+json\" class=\"yoast-schema-graph\">{\"@context\":\"https:\\\/\\\/schema.org\",\"@graph\":[{\"@type\":\"Article\",\"@id\":\"https:\\\/\\\/siljart.fi\\\/kiitollisuutta-kohtaamisia-ja-taiteen-lumoa\\\/#article\",\"isPartOf\":{\"@id\":\"https:\\\/\\\/siljart.fi\\\/kiitollisuutta-kohtaamisia-ja-taiteen-lumoa\\\/\"},\"author\":{\"name\":\"SiljArt\",\"@id\":\"https:\\\/\\\/siljart.fi\\\/#\\\/schema\\\/person\\\/c1db1a9aaab2394b993043c645e5c990\"},\"headline\":\"Kiitollisuutta, Kohtaamisia ja Taiteen Lumoa\",\"datePublished\":\"2023-12-28T12:42:01+00:00\",\"dateModified\":\"2026-04-19T10:06:25+00:00\",\"mainEntityOfPage\":{\"@id\":\"https:\\\/\\\/siljart.fi\\\/kiitollisuutta-kohtaamisia-ja-taiteen-lumoa\\\/\"},\"wordCount\":230,\"commentCount\":0,\"publisher\":{\"@id\":\"https:\\\/\\\/siljart.fi\\\/#organization\"},\"image\":{\"@id\":\"https:\\\/\\\/siljart.fi\\\/kiitollisuutta-kohtaamisia-ja-taiteen-lumoa\\\/#primaryimage\"},\"thumbnailUrl\":\"https:\\\/\\\/siljart.fi\\\/wp-content\\\/uploads\\\/2023\\\/12\\\/SiljArt-Where-i-belong4.jpg\",\"articleSection\":[\"Taiden\u00e4yttely\",\"Yritt\u00e4jyys\"],\"inLanguage\":\"en-GB\",\"potentialAction\":[{\"@type\":\"CommentAction\",\"name\":\"Comment\",\"target\":[\"https:\\\/\\\/siljart.fi\\\/kiitollisuutta-kohtaamisia-ja-taiteen-lumoa\\\/#respond\"]}]},{\"@type\":\"WebPage\",\"@id\":\"https:\\\/\\\/siljart.fi\\\/kiitollisuutta-kohtaamisia-ja-taiteen-lumoa\\\/\",\"url\":\"https:\\\/\\\/siljart.fi\\\/kiitollisuutta-kohtaamisia-ja-taiteen-lumoa\\\/\",\"name\":\"Kiitollisuutta, Kohtaamisia ja Taiteen Lumoa &#8211; Siljart\",\"isPartOf\":{\"@id\":\"https:\\\/\\\/siljart.fi\\\/#website\"},\"primaryImageOfPage\":{\"@id\":\"https:\\\/\\\/siljart.fi\\\/kiitollisuutta-kohtaamisia-ja-taiteen-lumoa\\\/#primaryimage\"},\"image\":{\"@id\":\"https:\\\/\\\/siljart.fi\\\/kiitollisuutta-kohtaamisia-ja-taiteen-lumoa\\\/#primaryimage\"},\"thumbnailUrl\":\"https:\\\/\\\/siljart.fi\\\/wp-content\\\/uploads\\\/2023\\\/12\\\/SiljArt-Where-i-belong4.jpg\",\"datePublished\":\"2023-12-28T12:42:01+00:00\",\"dateModified\":\"2026-04-19T10:06:25+00:00\",\"description\":\"Hei, toivottavasti voitte hyvin\u2764\ufe0fJoulun aika oli t\u00e4ynn\u00e4 iloa ja rentoutumista perheen ja l\u00e4heisten kanssa. Nyt, kun uusi vuosi on alkamaisillaan, haluan pys\u00e4hty\u00e4 hetkeksi ja jakaa kanssanne ajatuksia kuluneesta vuodesta ja tulevista suunnitelmistani.\",\"breadcrumb\":{\"@id\":\"https:\\\/\\\/siljart.fi\\\/kiitollisuutta-kohtaamisia-ja-taiteen-lumoa\\\/#breadcrumb\"},\"inLanguage\":\"en-GB\",\"potentialAction\":[{\"@type\":\"ReadAction\",\"target\":[\"https:\\\/\\\/siljart.fi\\\/kiitollisuutta-kohtaamisia-ja-taiteen-lumoa\\\/\"]}]},{\"@type\":\"ImageObject\",\"inLanguage\":\"en-GB\",\"@id\":\"https:\\\/\\\/siljart.fi\\\/kiitollisuutta-kohtaamisia-ja-taiteen-lumoa\\\/#primaryimage\",\"url\":\"https:\\\/\\\/siljart.fi\\\/wp-content\\\/uploads\\\/2023\\\/12\\\/SiljArt-Where-i-belong4.jpg\",\"contentUrl\":\"https:\\\/\\\/siljart.fi\\\/wp-content\\\/uploads\\\/2023\\\/12\\\/SiljArt-Where-i-belong4.jpg\",\"width\":1440,\"height\":1920,\"caption\":\"SiljArt - Where i belong(4)\"},{\"@type\":\"BreadcrumbList\",\"@id\":\"https:\\\/\\\/siljart.fi\\\/kiitollisuutta-kohtaamisia-ja-taiteen-lumoa\\\/#breadcrumb\",\"itemListElement\":[{\"@type\":\"ListItem\",\"position\":1,\"name\":\"Etusivu\",\"item\":\"https:\\\/\\\/siljart.fi\\\/\"},{\"@type\":\"ListItem\",\"position\":2,\"name\":\"Kiitollisuutta, Kohtaamisia ja Taiteen Lumoa\"}]},{\"@type\":\"WebSite\",\"@id\":\"https:\\\/\\\/siljart.fi\\\/#website\",\"url\":\"https:\\\/\\\/siljart.fi\\\/\",\"name\":\"Siljart\",\"description\":\"Abstraktia taidetta akustiikkalevylle sek&auml; kankaalle\",\"publisher\":{\"@id\":\"https:\\\/\\\/siljart.fi\\\/#organization\"},\"potentialAction\":[{\"@type\":\"SearchAction\",\"target\":{\"@type\":\"EntryPoint\",\"urlTemplate\":\"https:\\\/\\\/siljart.fi\\\/?s={search_term_string}\"},\"query-input\":{\"@type\":\"PropertyValueSpecification\",\"valueRequired\":true,\"valueName\":\"search_term_string\"}}],\"inLanguage\":\"en-GB\"},{\"@type\":\"Organization\",\"@id\":\"https:\\\/\\\/siljart.fi\\\/#organization\",\"name\":\"Siljart\",\"url\":\"https:\\\/\\\/siljart.fi\\\/\",\"logo\":{\"@type\":\"ImageObject\",\"inLanguage\":\"en-GB\",\"@id\":\"https:\\\/\\\/siljart.fi\\\/#\\\/schema\\\/logo\\\/image\\\/\",\"url\":\"https:\\\/\\\/siljart.fi\\\/wp-content\\\/uploads\\\/2020\\\/11\\\/siljart-logo.png\",\"contentUrl\":\"https:\\\/\\\/siljart.fi\\\/wp-content\\\/uploads\\\/2020\\\/11\\\/siljart-logo.png\",\"width\":300,\"height\":194,\"caption\":\"Siljart\"},\"image\":{\"@id\":\"https:\\\/\\\/siljart.fi\\\/#\\\/schema\\\/logo\\\/image\\\/\"},\"sameAs\":[\"https:\\\/\\\/www.facebook.com\\\/Siljalitalo\\\/\",\"https:\\\/\\\/www.instagram.com\\\/artby.siljart\\\/?hl=fi\",\"https:\\\/\\\/fi.pinterest.com\\\/siljaalitalo\\\/_created\\\/\"]},{\"@type\":\"Person\",\"@id\":\"https:\\\/\\\/siljart.fi\\\/#\\\/schema\\\/person\\\/c1db1a9aaab2394b993043c645e5c990\",\"name\":\"SiljArt\",\"image\":{\"@type\":\"ImageObject\",\"inLanguage\":\"en-GB\",\"@id\":\"https:\\\/\\\/secure.gravatar.com\\\/avatar\\\/c224ea623ee274da7efb7bf920e4868f05c305a5958665c73fa0fb3e6c98fd2a?s=96&d=mm&r=g\",\"url\":\"https:\\\/\\\/secure.gravatar.com\\\/avatar\\\/c224ea623ee274da7efb7bf920e4868f05c305a5958665c73fa0fb3e6c98fd2a?s=96&d=mm&r=g\",\"contentUrl\":\"https:\\\/\\\/secure.gravatar.com\\\/avatar\\\/c224ea623ee274da7efb7bf920e4868f05c305a5958665c73fa0fb3e6c98fd2a?s=96&d=mm&r=g\",\"caption\":\"SiljArt\"},\"sameAs\":[\"https:\\\/\\\/siljart.fi\"]}]}<\/script>\n<!-- \/ Yoast SEO plugin. -->","yoast_head_json":{"title":"Kiitollisuutta, Kohtaamisia ja Taiteen Lumoa &#8211; Siljart","description":"Hei, toivottavasti voitte hyvin\u2764\ufe0fJoulun aika oli t\u00e4ynn\u00e4 iloa ja rentoutumista perheen ja l\u00e4heisten kanssa. Nyt, kun uusi vuosi on alkamaisillaan, haluan pys\u00e4hty\u00e4 hetkeksi ja jakaa kanssanne ajatuksia kuluneesta vuodesta ja tulevista suunnitelmistani.","robots":{"index":"index","follow":"follow","max-snippet":"max-snippet:-1","max-image-preview":"max-image-preview:large","max-video-preview":"max-video-preview:-1"},"canonical":"https:\/\/siljart.fi\/en\/kiitollisuutta-kohtaamisia-ja-taiteen-lumoa\/","og_locale":"en_GB","og_type":"article","og_title":"Kiitollisuutta, Kohtaamisia ja Taiteen Lumoa &#8211; Siljart","og_description":"Hei, toivottavasti voitte hyvin\u2764\ufe0fJoulun aika oli t\u00e4ynn\u00e4 iloa ja rentoutumista perheen ja l\u00e4heisten kanssa. Nyt, kun uusi vuosi on alkamaisillaan, haluan pys\u00e4hty\u00e4 hetkeksi ja jakaa kanssanne ajatuksia kuluneesta vuodesta ja tulevista suunnitelmistani.","og_url":"https:\/\/siljart.fi\/en\/kiitollisuutta-kohtaamisia-ja-taiteen-lumoa\/","og_site_name":"Siljart","article_publisher":"https:\/\/www.facebook.com\/Siljalitalo\/","article_published_time":"2023-12-28T12:42:01+00:00","article_modified_time":"2026-04-19T10:06:25+00:00","og_image":[{"width":1440,"height":1920,"url":"https:\/\/siljart.fi\/wp-content\/uploads\/2023\/12\/SiljArt-Where-i-belong4.jpg","type":"image\/jpeg"}],"author":"SiljArt","twitter_card":"summary_large_image","twitter_misc":{"Written by":"SiljArt","Estimated reading time":"2 minutes"},"schema":{"@context":"https:\/\/schema.org","@graph":[{"@type":"Article","@id":"https:\/\/siljart.fi\/kiitollisuutta-kohtaamisia-ja-taiteen-lumoa\/#article","isPartOf":{"@id":"https:\/\/siljart.fi\/kiitollisuutta-kohtaamisia-ja-taiteen-lumoa\/"},"author":{"name":"SiljArt","@id":"https:\/\/siljart.fi\/#\/schema\/person\/c1db1a9aaab2394b993043c645e5c990"},"headline":"Kiitollisuutta, Kohtaamisia ja Taiteen Lumoa","datePublished":"2023-12-28T12:42:01+00:00","dateModified":"2026-04-19T10:06:25+00:00","mainEntityOfPage":{"@id":"https:\/\/siljart.fi\/kiitollisuutta-kohtaamisia-ja-taiteen-lumoa\/"},"wordCount":230,"commentCount":0,"publisher":{"@id":"https:\/\/siljart.fi\/#organization"},"image":{"@id":"https:\/\/siljart.fi\/kiitollisuutta-kohtaamisia-ja-taiteen-lumoa\/#primaryimage"},"thumbnailUrl":"https:\/\/siljart.fi\/wp-content\/uploads\/2023\/12\/SiljArt-Where-i-belong4.jpg","articleSection":["Taiden\u00e4yttely","Yritt\u00e4jyys"],"inLanguage":"en-GB","potentialAction":[{"@type":"CommentAction","name":"Comment","target":["https:\/\/siljart.fi\/kiitollisuutta-kohtaamisia-ja-taiteen-lumoa\/#respond"]}]},{"@type":"WebPage","@id":"https:\/\/siljart.fi\/kiitollisuutta-kohtaamisia-ja-taiteen-lumoa\/","url":"https:\/\/siljart.fi\/kiitollisuutta-kohtaamisia-ja-taiteen-lumoa\/","name":"Kiitollisuutta, Kohtaamisia ja Taiteen Lumoa &#8211; Siljart","isPartOf":{"@id":"https:\/\/siljart.fi\/#website"},"primaryImageOfPage":{"@id":"https:\/\/siljart.fi\/kiitollisuutta-kohtaamisia-ja-taiteen-lumoa\/#primaryimage"},"image":{"@id":"https:\/\/siljart.fi\/kiitollisuutta-kohtaamisia-ja-taiteen-lumoa\/#primaryimage"},"thumbnailUrl":"https:\/\/siljart.fi\/wp-content\/uploads\/2023\/12\/SiljArt-Where-i-belong4.jpg","datePublished":"2023-12-28T12:42:01+00:00","dateModified":"2026-04-19T10:06:25+00:00","description":"Hei, toivottavasti voitte hyvin\u2764\ufe0fJoulun aika oli t\u00e4ynn\u00e4 iloa ja rentoutumista perheen ja l\u00e4heisten kanssa. Nyt, kun uusi vuosi on alkamaisillaan, haluan pys\u00e4hty\u00e4 hetkeksi ja jakaa kanssanne ajatuksia kuluneesta vuodesta ja tulevista suunnitelmistani.","breadcrumb":{"@id":"https:\/\/siljart.fi\/kiitollisuutta-kohtaamisia-ja-taiteen-lumoa\/#breadcrumb"},"inLanguage":"en-GB","potentialAction":[{"@type":"ReadAction","target":["https:\/\/siljart.fi\/kiitollisuutta-kohtaamisia-ja-taiteen-lumoa\/"]}]},{"@type":"ImageObject","inLanguage":"en-GB","@id":"https:\/\/siljart.fi\/kiitollisuutta-kohtaamisia-ja-taiteen-lumoa\/#primaryimage","url":"https:\/\/siljart.fi\/wp-content\/uploads\/2023\/12\/SiljArt-Where-i-belong4.jpg","contentUrl":"https:\/\/siljart.fi\/wp-content\/uploads\/2023\/12\/SiljArt-Where-i-belong4.jpg","width":1440,"height":1920,"caption":"SiljArt - Where i belong(4)"},{"@type":"BreadcrumbList","@id":"https:\/\/siljart.fi\/kiitollisuutta-kohtaamisia-ja-taiteen-lumoa\/#breadcrumb","itemListElement":[{"@type":"ListItem","position":1,"name":"Etusivu","item":"https:\/\/siljart.fi\/"},{"@type":"ListItem","position":2,"name":"Kiitollisuutta, Kohtaamisia ja Taiteen Lumoa"}]},{"@type":"WebSite","@id":"https:\/\/siljart.fi\/#website","url":"https:\/\/siljart.fi\/","name":"Siljart","description":"Abstraktia taidetta akustiikkalevylle sek&auml; kankaalle","publisher":{"@id":"https:\/\/siljart.fi\/#organization"},"potentialAction":[{"@type":"SearchAction","target":{"@type":"EntryPoint","urlTemplate":"https:\/\/siljart.fi\/?s={search_term_string}"},"query-input":{"@type":"PropertyValueSpecification","valueRequired":true,"valueName":"search_term_string"}}],"inLanguage":"en-GB"},{"@type":"Organization","@id":"https:\/\/siljart.fi\/#organization","name":"Siljart","url":"https:\/\/siljart.fi\/","logo":{"@type":"ImageObject","inLanguage":"en-GB","@id":"https:\/\/siljart.fi\/#\/schema\/logo\/image\/","url":"https:\/\/siljart.fi\/wp-content\/uploads\/2020\/11\/siljart-logo.png","contentUrl":"https:\/\/siljart.fi\/wp-content\/uploads\/2020\/11\/siljart-logo.png","width":300,"height":194,"caption":"Siljart"},"image":{"@id":"https:\/\/siljart.fi\/#\/schema\/logo\/image\/"},"sameAs":["https:\/\/www.facebook.com\/Siljalitalo\/","https:\/\/www.instagram.com\/artby.siljart\/?hl=fi","https:\/\/fi.pinterest.com\/siljaalitalo\/_created\/"]},{"@type":"Person","@id":"https:\/\/siljart.fi\/#\/schema\/person\/c1db1a9aaab2394b993043c645e5c990","name":"SiljArt","image":{"@type":"ImageObject","inLanguage":"en-GB","@id":"https:\/\/secure.gravatar.com\/avatar\/c224ea623ee274da7efb7bf920e4868f05c305a5958665c73fa0fb3e6c98fd2a?s=96&d=mm&r=g","url":"https:\/\/secure.gravatar.com\/avatar\/c224ea623ee274da7efb7bf920e4868f05c305a5958665c73fa0fb3e6c98fd2a?s=96&d=mm&r=g","contentUrl":"https:\/\/secure.gravatar.com\/avatar\/c224ea623ee274da7efb7bf920e4868f05c305a5958665c73fa0fb3e6c98fd2a?s=96&d=mm&r=g","caption":"SiljArt"},"sameAs":["https:\/\/siljart.fi"]}]}},"jetpack_featured_media_url":"https:\/\/siljart.fi\/wp-content\/uploads\/2023\/12\/SiljArt-Where-i-belong4.jpg","jetpack_sharing_enabled":true,"_links":{"self":[{"href":"https:\/\/siljart.fi\/en\/wp-json\/wp\/v2\/posts\/8307","targetHints":{"allow":["GET"]}}],"collection":[{"href":"https:\/\/siljart.fi\/en\/wp-json\/wp\/v2\/posts"}],"about":[{"href":"https:\/\/siljart.fi\/en\/wp-json\/wp\/v2\/types\/post"}],"author":[{"embeddable":true,"href":"https:\/\/siljart.fi\/en\/wp-json\/wp\/v2\/users\/1"}],"replies":[{"embeddable":true,"href":"https:\/\/siljart.fi\/en\/wp-json\/wp\/v2\/comments?post=8307"}],"version-history":[{"count":4,"href":"https:\/\/siljart.fi\/en\/wp-json\/wp\/v2\/posts\/8307\/revisions"}],"predecessor-version":[{"id":8473,"href":"https:\/\/siljart.fi\/en\/wp-json\/wp\/v2\/posts\/8307\/revisions\/8473"}],"wp:featuredmedia":[{"embeddable":true,"href":"https:\/\/siljart.fi\/en\/wp-json\/wp\/v2\/media\/8315"}],"wp:attachment":[{"href":"https:\/\/siljart.fi\/en\/wp-json\/wp\/v2\/media?parent=8307"}],"wp:term":[{"taxonomy":"category","embeddable":true,"href":"https:\/\/siljart.fi\/en\/wp-json\/wp\/v2\/categories?post=8307"},{"taxonomy":"post_tag","embeddable":true,"href":"https:\/\/siljart.fi\/en\/wp-json\/wp\/v2\/tags?post=8307"}],"curies":[{"name":"wp","href":"https:\/\/api.w.org\/{rel}","templated":true}]}}