{"id":7450,"date":"2023-05-21T20:35:45","date_gmt":"2023-05-21T17:35:45","guid":{"rendered":"https:\/\/siljart.fi\/?p=7450"},"modified":"2026-04-19T13:06:37","modified_gmt":"2026-04-19T10:06:37","slug":"nyt-tulee-suuria-uutisia","status":"publish","type":"post","link":"https:\/\/siljart.fi\/en\/nyt-tulee-suuria-uutisia\/","title":{"rendered":"Here comes the big news!"},"content":{"rendered":"[et_pb_section admin_label=&#8221;section&#8221;]\n\t\t\t[et_pb_row admin_label=&#8221;row&#8221;]\n\t\t\t\t[et_pb_column type=&#8221;4_4&#8243;][et_pb_text admin_label=&#8221;Text&#8221;]\n<p>On aika kilistell\u00e4 kuohuvalla sill\u00e4 t\u00e4n\u00e4\u00e4n on ensimm\u00e4inen p\u00e4iv\u00e4, kun olen virallisesti  p\u00e4\u00e4toiminen yritt\u00e4j\u00e4. \u2764\ufe0f<\/p>\n\n\n\n<p>Irtisanouduin p\u00e4\u00e4ty\u00f6st\u00e4ni, 13 vuoden vakituisesta ty\u00f6suhteesta kultasep\u00e4nliikkeess\u00e4.&nbsp;<\/p>\n\n\n\n<p>Olen aina ollut visualisti, rakastanut piirt\u00e4\u00e4 ja maalata. Mutta t\u00e4m\u00e4, ett\u00e4 t\u00e4st\u00e4 tuli nyt mun p\u00e4\u00e4ty\u00f6ni sai ensi syk\u00e4yksens\u00e4 vuonna 2018, kun maalasin meille kotiin taulun. Ensin l\u00e4heiseni sek\u00e4 ty\u00f6kaverini alkoivat kiinnostua taiteestani ja sitten heid\u00e4n l\u00e4heisens\u00e4 ja sain ensimm\u00e4iset tilausty\u00f6ni. Perustin t\u00e4m\u00e4n Instagram tilin ja tilauksia alkoi ripotellen tulla lis\u00e4\u00e4 ja siit\u00e4 se l\u00e4hti kasvamaan, kuin lumipallo. Olin h\u00e4keltynyt, kun ihmiset olivat kiinnostuneita taiteestani ja siit\u00e4 se ajatus l\u00e4hti, ensin kevytyritt\u00e4j\u00e4n\u00e4 ja sitten sivutoimisena yritt\u00e4j\u00e4n\u00e4. Haave siit\u00e4, ett\u00e4 voisin alkaa tekem\u00e4\u00e4n ty\u00f6kseni sellaista, mik\u00e4 on aina ollut minussa ja mit\u00e4 rakastan!\u2764\ufe0f<\/p>\n\n\n\n<p>Mutta sitten mieheni sairastui ja koko el\u00e4m\u00e4 ja unelmani otti takapakkia. Meill\u00e4 on pieni 3 vuotias tyt\u00e4r ja pelko el\u00e4m\u00e4st\u00e4 otti vallan. Luonnollisesti en uskaltanut ottaa t\u00e4ss\u00e4 muuttuneessa el\u00e4m\u00e4ntilanteessa riski\u00e4, ett\u00e4 mit\u00e4 jos en tulekaan toimeen taiteilijana, kun olen nyt yksin pit\u00e4m\u00e4ss\u00e4 taloutta yll\u00e4 perheess\u00e4mme, eik\u00e4 tulevaisuudessa n\u00e4kynyt valoa mieheni parantumisen suhteen.<\/p>\n\n\n\n<p>Hautasin haaveet p\u00e4\u00e4toimisesta yritt\u00e4misest\u00e4 ja jatkoin vanhassa ty\u00f6paikassani, vaikka tuntui, ettei sill\u00e4 ollut en\u00e4\u00e4 mit\u00e4\u00e4n annettavaa minulle. Tunsin oloni tukahdetuksi ja voin todella pahoin. Maalasin aina, kun kerkesin sill\u00e4 se teki minut onnelliseksi ja pois huolista ja ik\u00e4vist\u00e4 ajatuksista.<\/p>\n\n\n\n<p>Suurin el\u00e4m\u00e4n arvoni on iloita el\u00e4m\u00e4n pienist\u00e4 asioista, sill\u00e4 ne ovat oikeasti niit\u00e4 suurimpia. P\u00e4iv\u00e4 kerrallaan iloisia asioita on tupsahdellut el\u00e4m\u00e4\u00e4n ja on ollut aivan uskomattoman ihanaa, kun ihmiset ovat tilanneet minulta taidetta. T\u00e4n\u00e4 kev\u00e4\u00e4n\u00e4 syd\u00e4meni syk\u00e4hti, kun British Vogue kutsui taidettani n\u00e4ytille heid\u00e4n lehteens\u00e4. Olen mielett\u00f6m\u00e4n kiitollinen ja otettu, ett\u00e4 n\u00e4in arvostettu lehti tunnustaa taidettani ja suurin kiitos kuuluu asiakkailleni, ett\u00e4 olen saanut ja saan tehd\u00e4 t\u00e4t\u00e4 ty\u00f6t\u00e4 tulevaisuudessa t\u00e4ydest\u00e4 syd\u00e4mest\u00e4!\u2764\ufe0f Olen jokaisesta ty\u00f6st\u00e4 aivan \u00e4\u00e4rett\u00f6m\u00e4n kiitollinen.\ud83d\ude4f<\/p>\n\n\n\n<p>Rakas mieheni jaksaa auttaa ja kannustaa minua t\u00e4ss\u00e4 j\u00e4nnitt\u00e4v\u00e4ss\u00e4 el\u00e4m\u00e4nvaiheessa sairaudestaan huolimatta ja on todella t\u00e4rke\u00e4 osa koko t\u00e4t\u00e4 unelmaani. Ihana tunne sis\u00e4ll\u00e4, ett\u00e4 tulossa on kaikkea mahtavaa ja olen valmis siihen\u2764\ufe0f Pit\u00e4k\u00e4\u00e4 unelmista kiinni!<\/p>\n\n\n\n<p>Nyt minulla on tilausty\u00f6kalenteri auki, joten jos sinulla on ajatuksissa kotiisi uniikki taideteos, ota yhteytt\u00e4, niin suunnitellaan lis\u00e4\u00e4.<\/p>\n\n\n\n<p>Rakkaudella,<\/p>\n\n\n\n<p>Silja<\/p>\n[\/et_pb_text][\/et_pb_column]\n\t\t\t[\/et_pb_row]\n\t\t[\/et_pb_section]<span class=\"et_bloom_bottom_trigger\"><\/span>","protected":false},"excerpt":{"rendered":"<p>On aika kilistell\u00e4 kuohuvalla sill\u00e4 t\u00e4n\u00e4\u00e4n on ensimm\u00e4inen p\u00e4iv\u00e4, kun olen virallisesti p\u00e4\u00e4toiminen yritt\u00e4j\u00e4. \u2764\ufe0f Irtisanouduin p\u00e4\u00e4ty\u00f6st\u00e4ni, 13 vuoden vakituisesta ty\u00f6suhteesta kultasep\u00e4nliikkeess\u00e4.&nbsp; Olen aina ollut visualisti, rakastanut piirt\u00e4\u00e4 ja maalata. Mutta t\u00e4m\u00e4, ett\u00e4 t\u00e4st\u00e4 tuli nyt mun p\u00e4\u00e4ty\u00f6ni sai ensi syk\u00e4yksens\u00e4 vuonna 2018, kun maalasin meille kotiin taulun. Ensin l\u00e4heiseni sek\u00e4 ty\u00f6kaverini alkoivat kiinnostua taiteestani [&hellip;]<\/p>\n","protected":false},"author":1,"featured_media":7451,"comment_status":"open","ping_status":"open","sticky":false,"template":"","format":"standard","meta":{"_et_pb_use_builder":"on","_et_pb_old_content":"<!-- wp:paragraph -->\n<p>On aika kilistell\u00e4 kuohuvalla sill\u00e4 t\u00e4n\u00e4\u00e4n on ensimm\u00e4inen p\u00e4iv\u00e4, kun olen virallisesti  p\u00e4\u00e4toiminen yritt\u00e4j\u00e4. \u2764\ufe0f<\/p>\n<!-- \/wp:paragraph -->\n\n<!-- wp:paragraph -->\n<p>Irtisanouduin p\u00e4\u00e4ty\u00f6st\u00e4ni, 13 vuoden vakituisesta ty\u00f6suhteesta kultasep\u00e4nliikkeess\u00e4.&nbsp;<\/p>\n<!-- \/wp:paragraph -->\n\n<!-- wp:paragraph -->\n<p>Olen aina ollut visualisti, rakastanut piirt\u00e4\u00e4 ja maalata. Mutta t\u00e4m\u00e4, ett\u00e4 t\u00e4st\u00e4 tuli nyt mun p\u00e4\u00e4ty\u00f6ni sai ensi syk\u00e4yksens\u00e4 vuonna 2018, kun maalasin meille kotiin taulun. Ensin l\u00e4heiseni sek\u00e4 ty\u00f6kaverini alkoivat kiinnostua taiteestani ja sitten heid\u00e4n l\u00e4heisens\u00e4 ja sain ensimm\u00e4iset tilausty\u00f6ni. Perustin t\u00e4m\u00e4n Instagram tilin ja tilauksia alkoi ripotellen tulla lis\u00e4\u00e4 ja siit\u00e4 se l\u00e4hti kasvamaan, kuin lumipallo. Olin h\u00e4keltynyt, kun ihmiset olivat kiinnostuneita taiteestani ja siit\u00e4 se ajatus l\u00e4hti, ensin kevytyritt\u00e4j\u00e4n\u00e4 ja sitten sivutoimisena yritt\u00e4j\u00e4n\u00e4. Haave siit\u00e4, ett\u00e4 voisin alkaa tekem\u00e4\u00e4n ty\u00f6kseni sellaista, mik\u00e4 on aina ollut minussa ja mit\u00e4 rakastan!\u2764\ufe0f<\/p>\n<!-- \/wp:paragraph -->\n\n<!-- wp:paragraph -->\n<p>Mutta sitten mieheni sairastui ja koko el\u00e4m\u00e4 ja unelmani otti takapakkia. Meill\u00e4 on pieni 3 vuotias tyt\u00e4r ja pelko el\u00e4m\u00e4st\u00e4 otti vallan. Luonnollisesti en uskaltanut ottaa t\u00e4ss\u00e4 muuttuneessa el\u00e4m\u00e4ntilanteessa riski\u00e4, ett\u00e4 mit\u00e4 jos en tulekaan toimeen taiteilijana, kun olen nyt yksin pit\u00e4m\u00e4ss\u00e4 taloutta yll\u00e4 perheess\u00e4mme, eik\u00e4 tulevaisuudessa n\u00e4kynyt valoa mieheni parantumisen suhteen.<\/p>\n<!-- \/wp:paragraph -->\n\n<!-- wp:paragraph -->\n<p>Hautasin haaveet p\u00e4\u00e4toimisesta yritt\u00e4misest\u00e4 ja jatkoin vanhassa ty\u00f6paikassani, vaikka tuntui, ettei sill\u00e4 ollut en\u00e4\u00e4 mit\u00e4\u00e4n annettavaa minulle. Tunsin oloni tukahdetuksi ja voin todella pahoin. Maalasin aina, kun kerkesin sill\u00e4 se teki minut onnelliseksi ja pois huolista ja ik\u00e4vist\u00e4 ajatuksista.<\/p>\n<!-- \/wp:paragraph -->\n\n<!-- wp:paragraph -->\n<p>Suurin el\u00e4m\u00e4n arvoni on iloita el\u00e4m\u00e4n pienist\u00e4 asioista, sill\u00e4 ne ovat oikeasti niit\u00e4 suurimpia. P\u00e4iv\u00e4 kerrallaan iloisia asioita on tupsahdellut el\u00e4m\u00e4\u00e4n ja on ollut aivan uskomattoman ihanaa, kun ihmiset ovat tilanneet minulta taidetta. T\u00e4n\u00e4 kev\u00e4\u00e4n\u00e4 syd\u00e4meni syk\u00e4hti, kun British Vogue kutsui taidettani n\u00e4ytille heid\u00e4n lehteens\u00e4. Olen mielett\u00f6m\u00e4n kiitollinen ja otettu, ett\u00e4 n\u00e4in arvostettu lehti tunnustaa taidettani ja suurin kiitos kuuluu asiakkailleni, ett\u00e4 olen saanut ja saan tehd\u00e4 t\u00e4t\u00e4 ty\u00f6t\u00e4 tulevaisuudessa t\u00e4ydest\u00e4 syd\u00e4mest\u00e4!\u2764\ufe0f Olen jokaisesta ty\u00f6st\u00e4 aivan \u00e4\u00e4rett\u00f6m\u00e4n kiitollinen.\ud83d\ude4f<\/p>\n<!-- \/wp:paragraph -->\n\n<!-- wp:paragraph -->\n<p>Rakas mieheni jaksaa auttaa ja kannustaa minua t\u00e4ss\u00e4 j\u00e4nnitt\u00e4v\u00e4ss\u00e4 el\u00e4m\u00e4nvaiheessa sairaudestaan huolimatta ja on todella t\u00e4rke\u00e4 osa koko t\u00e4t\u00e4 unelmaani. Ihana tunne sis\u00e4ll\u00e4, ett\u00e4 tulossa on kaikkea mahtavaa ja olen valmis siihen\u2764\ufe0f Pit\u00e4k\u00e4\u00e4 unelmista kiinni!<\/p>\n<!-- \/wp:paragraph -->\n\n<!-- wp:paragraph -->\n<p>Nyt minulla on tilausty\u00f6kalenteri auki, joten jos sinulla on ajatuksissa kotiisi uniikki taideteos, ota yhteytt\u00e4, niin suunnitellaan lis\u00e4\u00e4.<\/p>\n<!-- \/wp:paragraph -->\n\n<!-- wp:paragraph -->\n<p>Rakkaudella,<\/p>\n<!-- \/wp:paragraph -->\n\n<!-- wp:paragraph -->\n<p>Silja<\/p>\n<!-- \/wp:paragraph -->","_et_gb_content_width":"","_jetpack_memberships_contains_paid_content":false,"footnotes":""},"categories":[88],"tags":[],"class_list":["post-7450","post","type-post","status-publish","format-standard","has-post-thumbnail","hentry","category-yrittajyys"],"yoast_head":"<!-- This site is optimized with the Yoast SEO plugin v27.5 - https:\/\/yoast.com\/product\/yoast-seo-wordpress\/ -->\n<title>Nyt tulee suuria uutisia! &#8211; Siljart<\/title>\n<meta name=\"description\" content=\"On aika kilistell\u00e4 kuohuvalla sill\u00e4 t\u00e4n\u00e4\u00e4n on ensimm\u00e4inen p\u00e4iv\u00e4, kun olen virallisesti yritt\u00e4j\u00e4. Irtisanouduin p\u00e4\u00e4ty\u00f6st\u00e4ni, 13 vuoden vakituisesta ty\u00f6suhteesta kultasep\u00e4nliikkeess\u00e4.\" \/>\n<meta name=\"robots\" content=\"index, follow, max-snippet:-1, max-image-preview:large, max-video-preview:-1\" \/>\n<link rel=\"canonical\" href=\"https:\/\/siljart.fi\/en\/nyt-tulee-suuria-uutisia\/\" \/>\n<meta property=\"og:locale\" content=\"en_GB\" \/>\n<meta property=\"og:type\" content=\"article\" \/>\n<meta property=\"og:title\" content=\"Nyt tulee suuria uutisia! &#8211; Siljart\" \/>\n<meta property=\"og:description\" content=\"On aika kilistell\u00e4 kuohuvalla sill\u00e4 t\u00e4n\u00e4\u00e4n on ensimm\u00e4inen p\u00e4iv\u00e4, kun olen virallisesti yritt\u00e4j\u00e4. Irtisanouduin p\u00e4\u00e4ty\u00f6st\u00e4ni, 13 vuoden vakituisesta ty\u00f6suhteesta kultasep\u00e4nliikkeess\u00e4.\" \/>\n<meta property=\"og:url\" content=\"https:\/\/siljart.fi\/en\/nyt-tulee-suuria-uutisia\/\" \/>\n<meta property=\"og:site_name\" content=\"Siljart\" \/>\n<meta property=\"article:publisher\" content=\"https:\/\/www.facebook.com\/Siljalitalo\/\" \/>\n<meta property=\"article:published_time\" content=\"2023-05-21T17:35:45+00:00\" \/>\n<meta property=\"article:modified_time\" content=\"2026-04-19T10:06:37+00:00\" \/>\n<meta property=\"og:image\" content=\"https:\/\/siljart.fi\/wp-content\/uploads\/2023\/05\/Siljart-tilaustyo.jpg\" \/>\n\t<meta property=\"og:image:width\" content=\"1440\" \/>\n\t<meta property=\"og:image:height\" content=\"1920\" \/>\n\t<meta property=\"og:image:type\" content=\"image\/jpeg\" \/>\n<meta name=\"author\" content=\"SiljArt\" \/>\n<meta name=\"twitter:card\" content=\"summary_large_image\" \/>\n<meta name=\"twitter:label1\" content=\"Written by\" \/>\n\t<meta name=\"twitter:data1\" content=\"SiljArt\" \/>\n\t<meta name=\"twitter:label2\" content=\"Estimated reading time\" \/>\n\t<meta name=\"twitter:data2\" content=\"3 minutes\" \/>\n<script type=\"application\/ld+json\" class=\"yoast-schema-graph\">{\"@context\":\"https:\\\/\\\/schema.org\",\"@graph\":[{\"@type\":\"Article\",\"@id\":\"https:\\\/\\\/siljart.fi\\\/nyt-tulee-suuria-uutisia\\\/#article\",\"isPartOf\":{\"@id\":\"https:\\\/\\\/siljart.fi\\\/nyt-tulee-suuria-uutisia\\\/\"},\"author\":{\"name\":\"SiljArt\",\"@id\":\"https:\\\/\\\/siljart.fi\\\/#\\\/schema\\\/person\\\/c1db1a9aaab2394b993043c645e5c990\"},\"headline\":\"Nyt tulee suuria uutisia!\",\"datePublished\":\"2023-05-21T17:35:45+00:00\",\"dateModified\":\"2026-04-19T10:06:37+00:00\",\"mainEntityOfPage\":{\"@id\":\"https:\\\/\\\/siljart.fi\\\/nyt-tulee-suuria-uutisia\\\/\"},\"wordCount\":456,\"commentCount\":0,\"publisher\":{\"@id\":\"https:\\\/\\\/siljart.fi\\\/#organization\"},\"image\":{\"@id\":\"https:\\\/\\\/siljart.fi\\\/nyt-tulee-suuria-uutisia\\\/#primaryimage\"},\"thumbnailUrl\":\"https:\\\/\\\/siljart.fi\\\/wp-content\\\/uploads\\\/2023\\\/05\\\/Siljart-tilaustyo.jpg\",\"articleSection\":[\"Yritt\u00e4jyys\"],\"inLanguage\":\"en-GB\",\"potentialAction\":[{\"@type\":\"CommentAction\",\"name\":\"Comment\",\"target\":[\"https:\\\/\\\/siljart.fi\\\/nyt-tulee-suuria-uutisia\\\/#respond\"]}]},{\"@type\":\"WebPage\",\"@id\":\"https:\\\/\\\/siljart.fi\\\/nyt-tulee-suuria-uutisia\\\/\",\"url\":\"https:\\\/\\\/siljart.fi\\\/nyt-tulee-suuria-uutisia\\\/\",\"name\":\"Nyt tulee suuria uutisia! &#8211; Siljart\",\"isPartOf\":{\"@id\":\"https:\\\/\\\/siljart.fi\\\/#website\"},\"primaryImageOfPage\":{\"@id\":\"https:\\\/\\\/siljart.fi\\\/nyt-tulee-suuria-uutisia\\\/#primaryimage\"},\"image\":{\"@id\":\"https:\\\/\\\/siljart.fi\\\/nyt-tulee-suuria-uutisia\\\/#primaryimage\"},\"thumbnailUrl\":\"https:\\\/\\\/siljart.fi\\\/wp-content\\\/uploads\\\/2023\\\/05\\\/Siljart-tilaustyo.jpg\",\"datePublished\":\"2023-05-21T17:35:45+00:00\",\"dateModified\":\"2026-04-19T10:06:37+00:00\",\"description\":\"On aika kilistell\u00e4 kuohuvalla sill\u00e4 t\u00e4n\u00e4\u00e4n on ensimm\u00e4inen p\u00e4iv\u00e4, kun olen virallisesti yritt\u00e4j\u00e4. Irtisanouduin p\u00e4\u00e4ty\u00f6st\u00e4ni, 13 vuoden vakituisesta ty\u00f6suhteesta kultasep\u00e4nliikkeess\u00e4.\",\"breadcrumb\":{\"@id\":\"https:\\\/\\\/siljart.fi\\\/nyt-tulee-suuria-uutisia\\\/#breadcrumb\"},\"inLanguage\":\"en-GB\",\"potentialAction\":[{\"@type\":\"ReadAction\",\"target\":[\"https:\\\/\\\/siljart.fi\\\/nyt-tulee-suuria-uutisia\\\/\"]}]},{\"@type\":\"ImageObject\",\"inLanguage\":\"en-GB\",\"@id\":\"https:\\\/\\\/siljart.fi\\\/nyt-tulee-suuria-uutisia\\\/#primaryimage\",\"url\":\"https:\\\/\\\/siljart.fi\\\/wp-content\\\/uploads\\\/2023\\\/05\\\/Siljart-tilaustyo.jpg\",\"contentUrl\":\"https:\\\/\\\/siljart.fi\\\/wp-content\\\/uploads\\\/2023\\\/05\\\/Siljart-tilaustyo.jpg\",\"width\":1440,\"height\":1920,\"caption\":\"Siljart - tilausty\u00f6\"},{\"@type\":\"BreadcrumbList\",\"@id\":\"https:\\\/\\\/siljart.fi\\\/nyt-tulee-suuria-uutisia\\\/#breadcrumb\",\"itemListElement\":[{\"@type\":\"ListItem\",\"position\":1,\"name\":\"Etusivu\",\"item\":\"https:\\\/\\\/siljart.fi\\\/\"},{\"@type\":\"ListItem\",\"position\":2,\"name\":\"Nyt tulee suuria uutisia!\"}]},{\"@type\":\"WebSite\",\"@id\":\"https:\\\/\\\/siljart.fi\\\/#website\",\"url\":\"https:\\\/\\\/siljart.fi\\\/\",\"name\":\"Siljart\",\"description\":\"Abstraktia taidetta akustiikkalevylle sek&auml; kankaalle\",\"publisher\":{\"@id\":\"https:\\\/\\\/siljart.fi\\\/#organization\"},\"potentialAction\":[{\"@type\":\"SearchAction\",\"target\":{\"@type\":\"EntryPoint\",\"urlTemplate\":\"https:\\\/\\\/siljart.fi\\\/?s={search_term_string}\"},\"query-input\":{\"@type\":\"PropertyValueSpecification\",\"valueRequired\":true,\"valueName\":\"search_term_string\"}}],\"inLanguage\":\"en-GB\"},{\"@type\":\"Organization\",\"@id\":\"https:\\\/\\\/siljart.fi\\\/#organization\",\"name\":\"Siljart\",\"url\":\"https:\\\/\\\/siljart.fi\\\/\",\"logo\":{\"@type\":\"ImageObject\",\"inLanguage\":\"en-GB\",\"@id\":\"https:\\\/\\\/siljart.fi\\\/#\\\/schema\\\/logo\\\/image\\\/\",\"url\":\"https:\\\/\\\/siljart.fi\\\/wp-content\\\/uploads\\\/2020\\\/11\\\/siljart-logo.png\",\"contentUrl\":\"https:\\\/\\\/siljart.fi\\\/wp-content\\\/uploads\\\/2020\\\/11\\\/siljart-logo.png\",\"width\":300,\"height\":194,\"caption\":\"Siljart\"},\"image\":{\"@id\":\"https:\\\/\\\/siljart.fi\\\/#\\\/schema\\\/logo\\\/image\\\/\"},\"sameAs\":[\"https:\\\/\\\/www.facebook.com\\\/Siljalitalo\\\/\",\"https:\\\/\\\/www.instagram.com\\\/artby.siljart\\\/?hl=fi\",\"https:\\\/\\\/fi.pinterest.com\\\/siljaalitalo\\\/_created\\\/\"]},{\"@type\":\"Person\",\"@id\":\"https:\\\/\\\/siljart.fi\\\/#\\\/schema\\\/person\\\/c1db1a9aaab2394b993043c645e5c990\",\"name\":\"SiljArt\",\"image\":{\"@type\":\"ImageObject\",\"inLanguage\":\"en-GB\",\"@id\":\"https:\\\/\\\/secure.gravatar.com\\\/avatar\\\/c224ea623ee274da7efb7bf920e4868f05c305a5958665c73fa0fb3e6c98fd2a?s=96&d=mm&r=g\",\"url\":\"https:\\\/\\\/secure.gravatar.com\\\/avatar\\\/c224ea623ee274da7efb7bf920e4868f05c305a5958665c73fa0fb3e6c98fd2a?s=96&d=mm&r=g\",\"contentUrl\":\"https:\\\/\\\/secure.gravatar.com\\\/avatar\\\/c224ea623ee274da7efb7bf920e4868f05c305a5958665c73fa0fb3e6c98fd2a?s=96&d=mm&r=g\",\"caption\":\"SiljArt\"},\"sameAs\":[\"https:\\\/\\\/siljart.fi\"]}]}<\/script>\n<!-- \/ Yoast SEO plugin. -->","yoast_head_json":{"title":"Nyt tulee suuria uutisia! &#8211; Siljart","description":"On aika kilistell\u00e4 kuohuvalla sill\u00e4 t\u00e4n\u00e4\u00e4n on ensimm\u00e4inen p\u00e4iv\u00e4, kun olen virallisesti yritt\u00e4j\u00e4. Irtisanouduin p\u00e4\u00e4ty\u00f6st\u00e4ni, 13 vuoden vakituisesta ty\u00f6suhteesta kultasep\u00e4nliikkeess\u00e4.","robots":{"index":"index","follow":"follow","max-snippet":"max-snippet:-1","max-image-preview":"max-image-preview:large","max-video-preview":"max-video-preview:-1"},"canonical":"https:\/\/siljart.fi\/en\/nyt-tulee-suuria-uutisia\/","og_locale":"en_GB","og_type":"article","og_title":"Nyt tulee suuria uutisia! &#8211; Siljart","og_description":"On aika kilistell\u00e4 kuohuvalla sill\u00e4 t\u00e4n\u00e4\u00e4n on ensimm\u00e4inen p\u00e4iv\u00e4, kun olen virallisesti yritt\u00e4j\u00e4. Irtisanouduin p\u00e4\u00e4ty\u00f6st\u00e4ni, 13 vuoden vakituisesta ty\u00f6suhteesta kultasep\u00e4nliikkeess\u00e4.","og_url":"https:\/\/siljart.fi\/en\/nyt-tulee-suuria-uutisia\/","og_site_name":"Siljart","article_publisher":"https:\/\/www.facebook.com\/Siljalitalo\/","article_published_time":"2023-05-21T17:35:45+00:00","article_modified_time":"2026-04-19T10:06:37+00:00","og_image":[{"width":1440,"height":1920,"url":"https:\/\/siljart.fi\/wp-content\/uploads\/2023\/05\/Siljart-tilaustyo.jpg","type":"image\/jpeg"}],"author":"SiljArt","twitter_card":"summary_large_image","twitter_misc":{"Written by":"SiljArt","Estimated reading time":"3 minutes"},"schema":{"@context":"https:\/\/schema.org","@graph":[{"@type":"Article","@id":"https:\/\/siljart.fi\/nyt-tulee-suuria-uutisia\/#article","isPartOf":{"@id":"https:\/\/siljart.fi\/nyt-tulee-suuria-uutisia\/"},"author":{"name":"SiljArt","@id":"https:\/\/siljart.fi\/#\/schema\/person\/c1db1a9aaab2394b993043c645e5c990"},"headline":"Nyt tulee suuria uutisia!","datePublished":"2023-05-21T17:35:45+00:00","dateModified":"2026-04-19T10:06:37+00:00","mainEntityOfPage":{"@id":"https:\/\/siljart.fi\/nyt-tulee-suuria-uutisia\/"},"wordCount":456,"commentCount":0,"publisher":{"@id":"https:\/\/siljart.fi\/#organization"},"image":{"@id":"https:\/\/siljart.fi\/nyt-tulee-suuria-uutisia\/#primaryimage"},"thumbnailUrl":"https:\/\/siljart.fi\/wp-content\/uploads\/2023\/05\/Siljart-tilaustyo.jpg","articleSection":["Yritt\u00e4jyys"],"inLanguage":"en-GB","potentialAction":[{"@type":"CommentAction","name":"Comment","target":["https:\/\/siljart.fi\/nyt-tulee-suuria-uutisia\/#respond"]}]},{"@type":"WebPage","@id":"https:\/\/siljart.fi\/nyt-tulee-suuria-uutisia\/","url":"https:\/\/siljart.fi\/nyt-tulee-suuria-uutisia\/","name":"Nyt tulee suuria uutisia! &#8211; Siljart","isPartOf":{"@id":"https:\/\/siljart.fi\/#website"},"primaryImageOfPage":{"@id":"https:\/\/siljart.fi\/nyt-tulee-suuria-uutisia\/#primaryimage"},"image":{"@id":"https:\/\/siljart.fi\/nyt-tulee-suuria-uutisia\/#primaryimage"},"thumbnailUrl":"https:\/\/siljart.fi\/wp-content\/uploads\/2023\/05\/Siljart-tilaustyo.jpg","datePublished":"2023-05-21T17:35:45+00:00","dateModified":"2026-04-19T10:06:37+00:00","description":"On aika kilistell\u00e4 kuohuvalla sill\u00e4 t\u00e4n\u00e4\u00e4n on ensimm\u00e4inen p\u00e4iv\u00e4, kun olen virallisesti yritt\u00e4j\u00e4. Irtisanouduin p\u00e4\u00e4ty\u00f6st\u00e4ni, 13 vuoden vakituisesta ty\u00f6suhteesta kultasep\u00e4nliikkeess\u00e4.","breadcrumb":{"@id":"https:\/\/siljart.fi\/nyt-tulee-suuria-uutisia\/#breadcrumb"},"inLanguage":"en-GB","potentialAction":[{"@type":"ReadAction","target":["https:\/\/siljart.fi\/nyt-tulee-suuria-uutisia\/"]}]},{"@type":"ImageObject","inLanguage":"en-GB","@id":"https:\/\/siljart.fi\/nyt-tulee-suuria-uutisia\/#primaryimage","url":"https:\/\/siljart.fi\/wp-content\/uploads\/2023\/05\/Siljart-tilaustyo.jpg","contentUrl":"https:\/\/siljart.fi\/wp-content\/uploads\/2023\/05\/Siljart-tilaustyo.jpg","width":1440,"height":1920,"caption":"Siljart - tilausty\u00f6"},{"@type":"BreadcrumbList","@id":"https:\/\/siljart.fi\/nyt-tulee-suuria-uutisia\/#breadcrumb","itemListElement":[{"@type":"ListItem","position":1,"name":"Etusivu","item":"https:\/\/siljart.fi\/"},{"@type":"ListItem","position":2,"name":"Nyt tulee suuria uutisia!"}]},{"@type":"WebSite","@id":"https:\/\/siljart.fi\/#website","url":"https:\/\/siljart.fi\/","name":"Siljart","description":"Abstraktia taidetta akustiikkalevylle sek&auml; kankaalle","publisher":{"@id":"https:\/\/siljart.fi\/#organization"},"potentialAction":[{"@type":"SearchAction","target":{"@type":"EntryPoint","urlTemplate":"https:\/\/siljart.fi\/?s={search_term_string}"},"query-input":{"@type":"PropertyValueSpecification","valueRequired":true,"valueName":"search_term_string"}}],"inLanguage":"en-GB"},{"@type":"Organization","@id":"https:\/\/siljart.fi\/#organization","name":"Siljart","url":"https:\/\/siljart.fi\/","logo":{"@type":"ImageObject","inLanguage":"en-GB","@id":"https:\/\/siljart.fi\/#\/schema\/logo\/image\/","url":"https:\/\/siljart.fi\/wp-content\/uploads\/2020\/11\/siljart-logo.png","contentUrl":"https:\/\/siljart.fi\/wp-content\/uploads\/2020\/11\/siljart-logo.png","width":300,"height":194,"caption":"Siljart"},"image":{"@id":"https:\/\/siljart.fi\/#\/schema\/logo\/image\/"},"sameAs":["https:\/\/www.facebook.com\/Siljalitalo\/","https:\/\/www.instagram.com\/artby.siljart\/?hl=fi","https:\/\/fi.pinterest.com\/siljaalitalo\/_created\/"]},{"@type":"Person","@id":"https:\/\/siljart.fi\/#\/schema\/person\/c1db1a9aaab2394b993043c645e5c990","name":"SiljArt","image":{"@type":"ImageObject","inLanguage":"en-GB","@id":"https:\/\/secure.gravatar.com\/avatar\/c224ea623ee274da7efb7bf920e4868f05c305a5958665c73fa0fb3e6c98fd2a?s=96&d=mm&r=g","url":"https:\/\/secure.gravatar.com\/avatar\/c224ea623ee274da7efb7bf920e4868f05c305a5958665c73fa0fb3e6c98fd2a?s=96&d=mm&r=g","contentUrl":"https:\/\/secure.gravatar.com\/avatar\/c224ea623ee274da7efb7bf920e4868f05c305a5958665c73fa0fb3e6c98fd2a?s=96&d=mm&r=g","caption":"SiljArt"},"sameAs":["https:\/\/siljart.fi"]}]}},"jetpack_featured_media_url":"https:\/\/siljart.fi\/wp-content\/uploads\/2023\/05\/Siljart-tilaustyo.jpg","jetpack_sharing_enabled":true,"_links":{"self":[{"href":"https:\/\/siljart.fi\/en\/wp-json\/wp\/v2\/posts\/7450","targetHints":{"allow":["GET"]}}],"collection":[{"href":"https:\/\/siljart.fi\/en\/wp-json\/wp\/v2\/posts"}],"about":[{"href":"https:\/\/siljart.fi\/en\/wp-json\/wp\/v2\/types\/post"}],"author":[{"embeddable":true,"href":"https:\/\/siljart.fi\/en\/wp-json\/wp\/v2\/users\/1"}],"replies":[{"embeddable":true,"href":"https:\/\/siljart.fi\/en\/wp-json\/wp\/v2\/comments?post=7450"}],"version-history":[{"count":3,"href":"https:\/\/siljart.fi\/en\/wp-json\/wp\/v2\/posts\/7450\/revisions"}],"predecessor-version":[{"id":7478,"href":"https:\/\/siljart.fi\/en\/wp-json\/wp\/v2\/posts\/7450\/revisions\/7478"}],"wp:featuredmedia":[{"embeddable":true,"href":"https:\/\/siljart.fi\/en\/wp-json\/wp\/v2\/media\/7451"}],"wp:attachment":[{"href":"https:\/\/siljart.fi\/en\/wp-json\/wp\/v2\/media?parent=7450"}],"wp:term":[{"taxonomy":"category","embeddable":true,"href":"https:\/\/siljart.fi\/en\/wp-json\/wp\/v2\/categories?post=7450"},{"taxonomy":"post_tag","embeddable":true,"href":"https:\/\/siljart.fi\/en\/wp-json\/wp\/v2\/tags?post=7450"}],"curies":[{"name":"wp","href":"https:\/\/api.w.org\/{rel}","templated":true}]}}